{"id":103,"date":"2023-06-08T07:01:03","date_gmt":"2023-06-08T05:01:03","guid":{"rendered":"http:\/\/welfare.cmsmasters.net\/?p=103"},"modified":"2023-10-12T09:34:21","modified_gmt":"2023-10-12T07:34:21","slug":"pro-nejmensi-pacienty-mame-dvacet-novych-monitoru-dechu","status":"publish","type":"post","link":"https:\/\/www.nemji.cz\/en\/pro-nejmensi-pacienty-mame-dvacet-novych-monitoru-dechu\/","title":{"rendered":"Pro nejmen\u0161\u00ed pacienty m\u00e1me dvacet nov\u00fdch monitor\u016f dechu"},"content":{"rendered":"<div id=\"cmsmasters_row_\" class=\"cmsmasters_row cmsmasters_color_scheme_default cmsmasters_row_top_default cmsmasters_row_bot_default cmsmasters_row_boxed\">\n<div class=\"cmsmasters_row_outer_parent\">\n<div class=\"cmsmasters_row_outer\">\n<div class=\"cmsmasters_row_inner\">\n<div class=\"cmsmasters_row_margin\">\n<div id=\"cmsmasters_column_\" class=\"cmsmasters_column one_first\">\n<div class=\"cmsmasters_column_inner\"><div class=\"cmsmasters_text\">\n<p><nav aria-label=\"breadcrumbs\">\n            <div class=\"breadcrumb-container theme1\">\n                <ol>\n                                    <\/ol>\n            <\/div>\n        <\/nav>    <script type=\"application\/ld+json\">\n        {\n            \"@context\": \"http:\/\/schema.org\",\n            \"@type\": \"BreadcrumbList\",\n            \"itemListElement\": [\n                            ]\n        }\n    <\/script>\n   \n    <script>\n            <\/script>\n<\/p>\n<\/div>\n<div id=\"cmsmasters_divider_x6qnwjcubb\" class=\"cmsmasters_divider cmsmasters_divider_width_short cmsmasters_divider_pos_center\"><\/div>\n<div class=\"cmsmasters_text news-content-anot\">\n<p>D\u011btsk\u00e9 odd\u011blen\u00ed jihlavsk\u00e9 nemocnice dostalo nov\u00e9 p\u0159\u00edstroje pro novorozence. Celkem dvacet monitor\u016f dechu bude slou\u017eit t\u011bm nejmen\u0161\u00edm pacient\u016fm. Na odd\u011blen\u00ed je darovala Nadace K\u0159i\u017eovatka.<\/p>\n<\/div>\n<div class=\"cmsmasters_text news-content\">\n<p>D\u011btsk\u00e9 odd\u011blen\u00ed jihlavsk\u00e9 nemocnice dostalo nov\u00e9 p\u0159\u00edstroje pro novorozence. Celkem dvacet monitor\u016f dechu bude slou\u017eit t\u011bm nejmen\u0161\u00edm pacient\u016fm. Na odd\u011blen\u00ed je darovala Nadace K\u0159i\u017eovatka.<\/p>\n<p>Monitory dechu sleduj\u00ed dechovou aktivitu novorozence a v\u010das upozorn\u00ed na poruchu dechu. V\u00fdrazn\u011b tak ovlivn\u00ed mo\u017en\u00e9 n\u00e1sledky SIDS (syndromu n\u00e1hl\u00e9ho \u00famrt\u00ed kojence). Celkem dvacet kus\u016f v\u011bnovala Nadace K\u0159i\u017eovatka, kter\u00e1 pom\u00e1h\u00e1 ohro\u017een\u00fdm d\u011btem a spoluob\u010dan\u016fm ji\u017e 25 let. \u201eMoc d\u011bkujeme, dar n\u00e1m pom\u016f\u017ee, proto\u017ee monitory a dal\u0161\u00ed p\u0159\u00edstroje pot\u0159ebujeme pravideln\u011b obm\u011b\u0148ovat,\u201c \u0159\u00edk\u00e1 prim\u00e1\u0159 d\u011btsk\u00e9ho odd\u011blen\u00ed Martin Zimen.<\/p>\n<p>\u201eB\u011bhem prvn\u00edho roku \u017eivota d\u00edt\u011bte m\u016f\u017ee doj\u00edt k nepravideln\u00e9mu d\u00fdch\u00e1n\u00ed nebo dokonce k z\u00e1stav\u011b dechu. Zpomalen\u00ed nebo z\u00e1stavu dechu m\u016f\u017ee zp\u016fsobit jak Syndrom n\u00e1hl\u00e9ho \u00famrt\u00ed kojenc\u016f, tak nachlazen\u00ed, vysok\u00e9 hore\u010dky \u010di jin\u00fd chorobn\u00fd stav. P\u0159i dechov\u00e9 z\u00e1stav\u011b del\u0161\u00ed ne\u017e 20 vte\u0159in nebo p\u0159i sn\u00ed\u017een\u00ed dechov\u00e9 frekvence pod 10 dech\u016f za minutu upozorn\u00ed zvukov\u00fd a sv\u011bteln\u00fd sign\u00e1l p\u0159\u00edstroje person\u00e1l nemocnice nebo rodi\u010de, d\u00edky \u010demu\u017e m\u016f\u017ee b\u00fdt d\u00edt\u011bti ihned poskytnuta prvn\u00ed pomoc. Monitor z\u00e1rove\u0148 dok\u00e1\u017ee odhalit i m\u011blk\u00e9 d\u00fdch\u00e1n\u00ed \u010di apnoick\u00e9 pauzy.\u201c popsala \u0160t\u011bp\u00e1nka Pokorn\u00edkov\u00e1, \u0159editelka nadace.<\/p>\n<p>Velmi d\u011bkujeme spole\u010dnostem LAGUS, ROLLCONTECH, GORDIC, zam\u011bstnanc\u016fm \u00dastavu automobiln\u00edho a dopravn\u00edho in\u017een\u00fdrstv\u00ed V\u00daT Brno, EVONA, DOMA CZ a AMC &#8211; TRANS, kter\u00e9 dar do nemocnice financovaly.<\/p>\n<p>Na d\u011btsk\u00e9m odd\u011blen\u00ed se na \u0161esti odd\u011blen\u00edch star\u00e1 o pacienty zhruba 60 sester a 14 l\u00e9ka\u0159\u016f. Ro\u010dn\u011b jsou na odd\u011blen\u00ed hospitalizov\u00e1ny v\u00edce ne\u017e \u010dty\u0159i tis\u00edce d\u011bt\u00ed a zhruba osmn\u00e1ct set doprovod\u016f.<\/p>\n<p><b>O Nadaci K\u0159i\u017eovatka<\/b><\/p>\n<p>Nadace K\u0159i\u017eovatka se jako jedin\u00e1 nadace v \u010cesk\u00e9 republice aktivn\u011b v\u011bnuje podpo\u0159e pov\u011bdom\u00ed ve\u0159ejnosti o SIDS a o mo\u017enostech ochrany ohro\u017een\u00fdch d\u011bt\u00ed do 1 roku v\u011bku. D\u00edky d\u00e1rc\u016fm pom\u00e1h\u00e1 nadace vybavit \u010desk\u00e9 nemocnice a porodnice monitory dechu Babysense, kter\u00fd je registrov\u00e1n u Ministerstva zdravotnictv\u00ed \u010cR jako zdravotnick\u00e1 pom\u016fcka a pro\u0161el n\u011bkolikalet\u00fdmi klinick\u00fdmi testy. Tento monitor dechu hl\u00edd\u00e1 nejen z\u00e1stavu dechu, ale tak\u00e9 apnoe pauzy (bezde\u0161\u00ed), a jak\u00e9koliv nepravidelnosti dechu d\u011b\u0165\u00e1tka. V p\u0159\u00edpad\u011b pot\u00ed\u017e\u00ed okam\u017eit\u011b spust\u00ed alarm, aby p\u0159ivolal pomoc dosp\u011bl\u00e9ho, kter\u00fd m\u016f\u017ee v\u010das poskytnout d\u00edt\u011bti prvn\u00ed pomoc.<\/p>\n<p>Za 28 let sv\u00e9 existence se nadaci poda\u0159ilo d\u00edky \u0161t\u011bdrosti sponzor\u016f a d\u00e1rc\u016f vybavit novorozeneck\u00e1 a d\u011btsk\u00e1 odd\u011blen\u00ed \u010desk\u00fdch nemocnic\u00a0<b>11.200 monitory dechu<\/b>\u00a0v celkov\u00e9 hodnot\u011b bez m\u00e1la 40 milion\u016f K\u010d.<\/p>\n<p><b><span class=\"fontColorThemeDarkAlt\" style=\"color: #003c56;\">Nemocnice Jihlava<\/span>\u00a0<\/b><b>|<\/b><b>\u00a0<\/b><span class=\"fontColorThemePrimary\" style=\"color: #bf311f;\"><b>Va\u0161e nemocnice<\/b><\/span><\/p>\n<p>&nbsp;<\/p>\n<p><a href=\"\/wp-content\/uploads\/2015\/11\/91f30ced-dd6a-4715-8251-ba27f50eb28c.jpg\"><img loading=\"lazy\" decoding=\"async\" class=\"aligncenter wp-image-14187 size-cmsmasters-project-thumb\" src=\"\/wp-content\/uploads\/2015\/11\/91f30ced-dd6a-4715-8251-ba27f50eb28c-580x360.jpg\" alt=\"\" width=\"580\" height=\"360\" \/><\/a><\/p>\n<\/div>\n<div id=\"cmsmasters_divider_n0vdagzinm\" class=\"cmsmasters_divider cmsmasters_divider_width_long cmsmasters_divider_pos_center\"><\/div><div id=\"cmsmasters_button_ogvtuvom3\" class=\"button_wrap\"><a href=\"\/aktuality\/\" class=\"cmsmasters_button all-news-btn\"><span>V\u0161echny aktuality\u00a0\u00a0\u271a<\/span><\/a><\/div>\n<div class=\"cmsmasters_sidebar sidebar_layout_11 post-custom-sidebar\"><aside id=\"block-12\" class=\"widget widget_block\"><div class='pt-cv-wrapper'> <h3 class='pt-cv-heading-container heading1' data-blockid='fysa6n9v'><span class='pt-cv-heading'> Posledn\u00ed aktuality <\/span><\/h3><div class=\"pt-cv-view pt-cv-blockgrid iscvblock iscvreal grid1 layout1\" id=\"pt-cv-view-fysa6n9v\"><div data-id=\"pt-cv-page-1\" class=\"pt-cv-page\" data-cvc=\"5\"><div class=\" pt-cv-content-item pt-cv-1-col\" ><div class=\"pt-cv-thumb-wrapper  \"><a href=\"https:\/\/www.nemji.cz\/en\/pece-o-jizvu-po-cisarskem-rezu-zasadne-ovlivnuje-hojeni-i-funkci-tela-upozornuji-odbornici\/\" class=\"_self pt-cv-href-thumbnail pt-cv-thumb-default\" target=\"_self\" ><img loading=\"lazy\" decoding=\"async\" width=\"580\" height=\"400\" src=\"\/wp-content\/uploads\/2026\/04\/jizva_tit-580x400.jpg\" class=\"pt-cv-thumbnail\" alt=\"jizva po c\u00edsa\u0159sk\u00e9m porodu\" \/><\/a><\/div>\n<h5 class=\"pt-cv-title\"><a href=\"https:\/\/www.nemji.cz\/en\/pece-o-jizvu-po-cisarskem-rezu-zasadne-ovlivnuje-hojeni-i-funkci-tela-upozornuji-odbornici\/\" class=\"_self\" target=\"_self\" >P\u00e9\u010de o jizvu po c\u00edsa\u0159sk\u00e9m \u0159ezu z\u00e1sadn\u011b ovliv\u0148uje hojen\u00ed i funkci t\u011bla, upozor\u0148uj\u00ed odborn\u00edci<\/a><\/h5>\n<div class=\"pt-cv-content\">Mamink\u00e1m v jihlavsk\u00e9 porodnici rad\u00ed s p\u00e9\u010d\u00ed o jizvu zdravotn\u00edci, ...<\/div>\n<div class=\"pt-cv-rmwrap\"><a href=\"https:\/\/www.nemji.cz\/en\/pece-o-jizvu-po-cisarskem-rezu-zasadne-ovlivnuje-hojeni-i-funkci-tela-upozornuji-odbornici\/\" class=\"_self pt-cv-readmore btn btn-success\" target=\"_self\" >P\u0159e\u010d\u00edst\u00a0\u00a0\u271a<\/a><\/div><\/div>\n<div class=\" pt-cv-content-item pt-cv-1-col\" ><div class=\"pt-cv-thumb-wrapper  \"><a href=\"https:\/\/www.nemji.cz\/en\/hledame-nove-kolegy-na-urgentni-prijem\/\" class=\"_self pt-cv-href-thumbnail pt-cv-thumb-default\" target=\"_self\" ><img loading=\"lazy\" decoding=\"async\" width=\"580\" height=\"400\" src=\"\/wp-content\/uploads\/2026\/04\/fyzik-580x400.jpg\" class=\"pt-cv-thumbnail\" alt=\"radiologick\u00fd fyzik\" \/><\/a><\/div>\n<h5 class=\"pt-cv-title\"><a href=\"https:\/\/www.nemji.cz\/en\/hledame-nove-kolegy-na-urgentni-prijem\/\" class=\"_self\" target=\"_self\" >Hled\u00e1me nov\u00e9ho kolegu &#8211; Radiologick\u00e9ho fyzika<\/a><\/h5>\n<div class=\"pt-cv-content\">Nemocnice Jihlava hled\u00e1 radiologick\u00e9ho fyzika na Onkologick\u00e9 odd\u011blen\u00ed ...<\/div>\n<div class=\"pt-cv-rmwrap\"><a href=\"https:\/\/www.nemji.cz\/en\/hledame-nove-kolegy-na-urgentni-prijem\/\" class=\"_self pt-cv-readmore btn btn-success\" target=\"_self\" >P\u0159e\u010d\u00edst\u00a0\u00a0\u271a<\/a><\/div><\/div>\n<div class=\" pt-cv-content-item pt-cv-1-col\" ><div class=\"pt-cv-thumb-wrapper  \"><a href=\"https:\/\/www.nemji.cz\/en\/youtuber-jan-hanko-patologie\/\" class=\"_self pt-cv-href-thumbnail pt-cv-thumb-default\" target=\"_self\" ><img loading=\"lazy\" decoding=\"async\" width=\"580\" height=\"400\" src=\"\/wp-content\/uploads\/2026\/03\/pat_uvod-580x400.jpg\" class=\"pt-cv-thumbnail\" alt=\"pat\" \/><\/a><\/div>\n<h5 class=\"pt-cv-title\"><a href=\"https:\/\/www.nemji.cz\/en\/youtuber-jan-hanko-patologie\/\" class=\"_self\" target=\"_self\" >Nov\u00e9 video z Nemocnice Jihlava: Youtuber Jan Hanko nav\u0161t\u00edvil patologii<\/a><\/h5>\n<div class=\"pt-cv-content\">Nemocnice Jihlava pokra\u010duje v p\u0159ibli\u017eov\u00e1n\u00ed sv\u00e9 pr\u00e1ce ve\u0159ejnosti prost\u0159ednictv\u00edm vide\u00ed ...<\/div>\n<div class=\"pt-cv-rmwrap\"><a href=\"https:\/\/www.nemji.cz\/en\/youtuber-jan-hanko-patologie\/\" class=\"_self pt-cv-readmore btn btn-success\" target=\"_self\" >P\u0159e\u010d\u00edst\u00a0\u00a0\u271a<\/a><\/div><\/div>\n<div class=\" pt-cv-content-item pt-cv-1-col\" ><div class=\"pt-cv-thumb-wrapper  \"><a href=\"https:\/\/www.nemji.cz\/en\/cely-den-plny-inspirace-sdileni-zkusenosti-a-novych-poznatku\/\" class=\"_self pt-cv-href-thumbnail pt-cv-thumb-default\" target=\"_self\" ><img loading=\"lazy\" decoding=\"async\" width=\"580\" height=\"400\" src=\"\/wp-content\/uploads\/2026\/04\/cab14d43-68bd-4032-a667-c06927ca2631-580x400.jpg\" class=\"pt-cv-thumbnail\" alt=\"konference\" \/><\/a><\/div>\n<h5 class=\"pt-cv-title\"><a href=\"https:\/\/www.nemji.cz\/en\/cely-den-plny-inspirace-sdileni-zkusenosti-a-novych-poznatku\/\" class=\"_self\" target=\"_self\" >Cel\u00fd den pln\u00fd inspirace, sd\u00edlen\u00ed zku\u0161enost\u00ed a nov\u00fdch poznatk\u016f.<\/a><\/h5>\n<div class=\"pt-cv-content\">Konference \u201eSou\u010dasn\u00e9 trendy v o\u0161et\u0159ovatelstv\u00ed v Nemocnici Jihlava V. \u2026aneb ...<\/div>\n<div class=\"pt-cv-rmwrap\"><a href=\"https:\/\/www.nemji.cz\/en\/cely-den-plny-inspirace-sdileni-zkusenosti-a-novych-poznatku\/\" class=\"_self pt-cv-readmore btn btn-success\" target=\"_self\" >P\u0159e\u010d\u00edst\u00a0\u00a0\u271a<\/a><\/div><\/div>\n<div class=\" pt-cv-content-item pt-cv-1-col\" ><div class=\"pt-cv-thumb-wrapper  \"><a href=\"https:\/\/www.nemji.cz\/en\/zdravotnici-jako-filmari-v-jihlave-vznikl-unikatni-film-ze-zakulisi-infekcniho-oddeleni\/\" class=\"_self pt-cv-href-thumbnail pt-cv-thumb-default\" target=\"_self\" ><img loading=\"lazy\" decoding=\"async\" width=\"580\" height=\"400\" src=\"\/wp-content\/uploads\/2026\/04\/Premiera-24-hodin-580x400.jpg\" class=\"pt-cv-thumbnail\" alt=\"premi\u00e9ra 24h\" \/><\/a><\/div>\n<h5 class=\"pt-cv-title\"><a href=\"https:\/\/www.nemji.cz\/en\/zdravotnici-jako-filmari-v-jihlave-vznikl-unikatni-film-ze-zakulisi-infekcniho-oddeleni\/\" class=\"_self\" target=\"_self\" >Zdravotn\u00edci jako filma\u0159i: v Jihlav\u011b vznikl unik\u00e1tn\u00ed film ze z\u00e1kulis\u00ed infek\u010dn\u00edho odd\u011blen\u00ed<\/a><\/h5>\n<div class=\"pt-cv-content\">Infek\u010dn\u00ed odd\u011blen\u00ed Nemocnice Jihlava p\u0159i\u0161lo s netradi\u010dn\u00edm n\u00e1padem ...<\/div>\n<div class=\"pt-cv-rmwrap\"><a href=\"https:\/\/www.nemji.cz\/en\/zdravotnici-jako-filmari-v-jihlave-vznikl-unikatni-film-ze-zakulisi-infekcniho-oddeleni\/\" class=\"_self pt-cv-readmore btn btn-success\" target=\"_self\" >P\u0159e\u010d\u00edst\u00a0\u00a0\u271a<\/a><\/div><\/div><\/div><\/div> <\/div> <style>\n\n#pt-cv-view-fysa6n9v .pt-cv-content-item { border-style: none;border-radius: 0px 0px 0px 0px; }#pt-cv-view-fysa6n9v .pt-cv-meta-fields {  }#pt-cv-view-fysa6n9v .pt-cv-meta-fields * { font-size: 13px; }.pt-cv-heading-container[data-blockid=\"fysa6n9v\"] {  }.pt-cv-heading-container[data-blockid=\"fysa6n9v\"] * { color: #003c56;font-weight: 600;font-size: 16px; }#pt-cv-view-fysa6n9v .pt-cv-thumb-wrapper {  }#pt-cv-view-fysa6n9v[class*=\"cveffect\"] .pt-cv-thumb-wrapper, #pt-cv-view-fysa6n9v:not([class*=\"cveffect\"]) .pt-cv-thumbnail { border-radius: 20px 20px 20px 20px; }#pt-cv-view-fysa6n9v .pt-cv-thumbnail {  }#pt-cv-view-fysa6n9v .pt-cv-title a { display: block;color: #003c56; }#pt-cv-view-fysa6n9v .pt-cv-title:not(.pt-cv-titlesm) a { font-weight: 600;text-decoration: none;font-size: 15px; }#pt-cv-view-fysa6n9v .pt-cv-titlesm a { font-weight: 600;font-size: 18px; }#pt-cv-view-fysa6n9v .pt-cv-content { font-size: 14px; }#pt-cv-view-fysa6n9v .pt-cv-rmwrap {  }#pt-cv-view-fysa6n9v .pt-cv-readmore { color: #4f5a61;background-color: #edf0f2;font-size: 14px;border-radius: 10px 10px 10px 10px; }#pt-cv-view-fysa6n9v .pt-cv-taxoterm {  }#pt-cv-view-fysa6n9v .pt-cv-taxoterm * { color: #222;background-color: #fff6f6;font-size: 14px; }#pt-cv-view-fysa6n9v + .pt-cv-pagination-wrapper {  }#pt-cv-view-fysa6n9v + .pt-cv-pagination-wrapper a { font-size: 14px; }#pt-cv-view-fysa6n9v > .pt-cv-page {grid-template-columns: repeat(5, 1fr);grid-gap: 20px;}#pt-cv-view-fysa6n9v .pt-cv-title a:hover { color: #bf311f; }#pt-cv-view-fysa6n9v .pt-cv-title:not(.pt-cv-titlesm) a:hover {  }#pt-cv-view-fysa6n9v .pt-cv-rmwrap:hover {  }#pt-cv-view-fysa6n9v .pt-cv-readmore:hover { color: #ffffff;background-color: #bf311f; }\n@media all and (max-width: 1024px) { \n#pt-cv-view-fysa6n9v > .pt-cv-page {grid-template-columns: repeat(3, 1fr);grid-gap: 15px;}\n} \n@media all and (max-width: 767px) { \n#pt-cv-view-fysa6n9v > .pt-cv-page {grid-template-columns: repeat(1, 1fr);grid-gap: 10px;}\n} <\/style><\/aside><div class=\"cl\"><\/div>\n<\/div>\n<\/div><\/div>\n<\/div>\n<\/div>\n<\/div>\n<\/div>\n<\/div>\n\n","protected":false},"excerpt":{"rendered":"<p>D\u011btsk\u00e9 odd\u011blen\u00ed jihlavsk\u00e9 nemocnice dostalo nov\u00e9 p\u0159\u00edstroje pro novorozence. Celkem dvacet monitor\u016f dechu bude slou\u017eit t\u011bm nejmen\u0161\u00edm pacient\u016fm. Na odd\u011blen\u00ed je darovala Nadace K\u0159i\u017eovatka.<\/p>","protected":false},"author":2,"featured_media":14187,"comment_status":"closed","ping_status":"closed","sticky":false,"template":"","format":"standard","meta":{"pgc_sgb_lightbox_settings":"","footnotes":"","_links_to":"","_links_to_target":""},"categories":[49],"tags":[],"class_list":["post-103","post","type-post","status-publish","format-standard","has-post-thumbnail","hentry","category-aktuality"],"publishpress_future_action":{"enabled":false,"date":"2026-05-08 16:38:12","action":"change-status","newStatus":"trash","terms":[],"taxonomy":"category","extraData":[]},"publishpress_future_workflow_manual_trigger":{"enabledWorkflows":[]},"_links":{"self":[{"href":"https:\/\/www.nemji.cz\/en\/wp-json\/wp\/v2\/posts\/103","targetHints":{"allow":["GET"]}}],"collection":[{"href":"https:\/\/www.nemji.cz\/en\/wp-json\/wp\/v2\/posts"}],"about":[{"href":"https:\/\/www.nemji.cz\/en\/wp-json\/wp\/v2\/types\/post"}],"author":[{"embeddable":true,"href":"https:\/\/www.nemji.cz\/en\/wp-json\/wp\/v2\/users\/2"}],"replies":[{"embeddable":true,"href":"https:\/\/www.nemji.cz\/en\/wp-json\/wp\/v2\/comments?post=103"}],"version-history":[{"count":0,"href":"https:\/\/www.nemji.cz\/en\/wp-json\/wp\/v2\/posts\/103\/revisions"}],"wp:featuredmedia":[{"embeddable":true,"href":"https:\/\/www.nemji.cz\/en\/wp-json\/wp\/v2\/media\/14187"}],"wp:attachment":[{"href":"https:\/\/www.nemji.cz\/en\/wp-json\/wp\/v2\/media?parent=103"}],"wp:term":[{"taxonomy":"category","embeddable":true,"href":"https:\/\/www.nemji.cz\/en\/wp-json\/wp\/v2\/categories?post=103"},{"taxonomy":"post_tag","embeddable":true,"href":"https:\/\/www.nemji.cz\/en\/wp-json\/wp\/v2\/tags?post=103"}],"curies":[{"name":"wp","href":"https:\/\/api.w.org\/{rel}","templated":true}]}}