{"id":31695,"date":"2024-10-14T13:51:22","date_gmt":"2024-10-14T11:51:22","guid":{"rendered":"https:\/\/webnemji.azurewebsites.net\/?p=31695"},"modified":"2026-01-15T06:27:38","modified_gmt":"2026-01-15T05:27:38","slug":"podcast-nemocnice-jihlava-25-novy-tym-zdravotniku-pomuze-od-rozpichanych-rukou","status":"publish","type":"post","link":"https:\/\/www.nemji.cz\/en\/podcast-nemocnice-jihlava-25-novy-tym-zdravotniku-pomuze-od-rozpichanych-rukou\/","title":{"rendered":"Podcast Nemocnice Jihlava #25 &#8211; Nov\u00fd t\u00fdm zdravotn\u00edk\u016f pom\u016f\u017ee od rozp\u00edchan\u00fdch rukou"},"content":{"rendered":"<div id=\"cmsmasters_row_\" class=\"cmsmasters_row cmsmasters_color_scheme_default cmsmasters_row_top_default cmsmasters_row_bot_default cmsmasters_row_boxed\">\n<div class=\"cmsmasters_row_outer_parent\">\n<div class=\"cmsmasters_row_outer\">\n<div class=\"cmsmasters_row_inner\">\n<div class=\"cmsmasters_row_margin\">\n<div id=\"cmsmasters_column_\" class=\"cmsmasters_column one_first\">\n<div class=\"cmsmasters_column_inner\"><div class=\"cmsmasters_text\">\n<p style=\"text-align: left;\"><nav aria-label=\"breadcrumbs\">\n            <div class=\"breadcrumb-container theme1\">\n                <ol>\n                                    <\/ol>\n            <\/div>\n        <\/nav>    <script type=\"application\/ld+json\">\n        {\n            \"@context\": \"http:\/\/schema.org\",\n            \"@type\": \"BreadcrumbList\",\n            \"itemListElement\": [\n                            ]\n        }\n    <\/script>\n   \n    <script>\n            <\/script>\n<\/p>\n<\/div>\n<div id=\"cmsmasters_divider_1sk6yyldai\" class=\"cmsmasters_divider cmsmasters_divider_width_short cmsmasters_divider_pos_center\"><\/div>\n<div class=\"cmsmasters_text news-content\">\n<p><strong>Nov\u00fd t\u00fdm zdravotn\u00edk\u016f pom\u016f\u017ee od rozp\u00edchan\u00fdch rukou<\/strong><\/p>\n<p>&nbsp;<\/p>\n<p>P\u0159edev\u0161\u00edm onkologi\u010dt\u00ed pacienti ocen\u00ed vznik nov\u00e9ho t\u00fdmu v jihlavsk\u00e9 nemocnici. Speci\u00e1ln\u011b vy\u0161kolen\u00ed zdravotn\u00edci pom\u016f\u017eou tak\u00e9 t\u011bm, kte\u0159\u00ed jsou na dlouhodob\u00e9 terapii antibiotiky. V\u00edce o t\u00fdmu pro c\u00e9vn\u00ed vstupy \u0159ekne v dal\u0161\u00edm d\u00edlu podcastu stani\u010dn\u00ed sestra chirurgick\u00e9ho odd\u011blen\u00ed Bc. Petra Findov\u00e1.<\/p>\n<p>&nbsp;<\/p>\n<p>Dal\u0161\u00ed d\u00edl na\u0161eho podcastu si m\u016f\u017eete poslechnout\u00a0<a href=\"https:\/\/open.spotify.com\/episode\/4R3fZmIbtmrVfeFPXPtWg9?si=69dacb53ca7540c2&amp;nd=1&amp;dlsi=b02ffccc9e4b4b64\" target=\"_blank\" rel=\"noopener\"><b>ZDE<\/b><\/a>.<\/p>\n<p>&nbsp;<\/p>\n<p><b><span class=\"fontColorThemeDarkAlt\" style=\"color: #003c56;\">Nemocnice Jihlava<\/span>\u00a0<\/b><b>|<\/b><b>\u00a0<\/b><span class=\"fontColorThemePrimary\" style=\"color: #bf311f;\"><b>Va\u0161e nemocnice<\/b><\/span><\/p>\n<p>&nbsp;<\/p>\n<p><a href=\"\/wp-content\/uploads\/2024\/10\/Image.jpg\"><img loading=\"lazy\" decoding=\"async\" class=\"aligncenter wp-image-31696\" src=\"\/wp-content\/uploads\/2024\/10\/Image.jpg\" alt=\"\" width=\"333\" height=\"480\" srcset=\"\/wp-content\/uploads\/2024\/10\/Image.jpg 711w, \/wp-content\/uploads\/2024\/10\/Image-208x300.jpg 208w, \/wp-content\/uploads\/2024\/10\/Image-8x12.jpg 8w, \/wp-content\/uploads\/2024\/10\/Image-580x835.jpg 580w\" sizes=\"auto, (max-width: 333px) 100vw, 333px\" \/><\/a><\/p>\n<\/div>\n<div id=\"cmsmasters_divider_s8rl0slo4r\" class=\"cmsmasters_divider cmsmasters_divider_width_long cmsmasters_divider_pos_center\"><\/div>\n<div id=\"cmsmasters_button_m9j7eykyp\" class=\"button_wrap\"><a href=\"\/aktuality\/\" class=\"cmsmasters_button all-news-btn\"><span>V\u0161echny aktuality\u00a0\u00a0\u271a<\/span><\/a><\/div>\n<div class=\"cmsmasters_sidebar sidebar_layout_11 post-custom-sidebar\"><aside id=\"block-12\" class=\"widget widget_block\"><div class='pt-cv-wrapper'> <h3 class='pt-cv-heading-container heading1' data-blockid='fysa6n9v'><span class='pt-cv-heading'> Posledn\u00ed aktuality <\/span><\/h3><div class=\"pt-cv-view pt-cv-blockgrid iscvblock iscvreal grid1 layout1\" id=\"pt-cv-view-fysa6n9v\"><div data-id=\"pt-cv-page-1\" class=\"pt-cv-page\" data-cvc=\"5\"><div class=\" pt-cv-content-item pt-cv-1-col\" ><div class=\"pt-cv-thumb-wrapper  \"><a href=\"https:\/\/www.nemji.cz\/en\/pece-o-jizvu-po-cisarskem-rezu-zasadne-ovlivnuje-hojeni-i-funkci-tela-upozornuji-odbornici\/\" class=\"_self pt-cv-href-thumbnail pt-cv-thumb-default\" target=\"_self\" ><img loading=\"lazy\" decoding=\"async\" width=\"580\" height=\"400\" src=\"\/wp-content\/uploads\/2026\/04\/jizva_tit-580x400.jpg\" class=\"pt-cv-thumbnail\" alt=\"jizva po c\u00edsa\u0159sk\u00e9m porodu\" \/><\/a><\/div>\n<h5 class=\"pt-cv-title\"><a href=\"https:\/\/www.nemji.cz\/en\/pece-o-jizvu-po-cisarskem-rezu-zasadne-ovlivnuje-hojeni-i-funkci-tela-upozornuji-odbornici\/\" class=\"_self\" target=\"_self\" >P\u00e9\u010de o jizvu po c\u00edsa\u0159sk\u00e9m \u0159ezu z\u00e1sadn\u011b ovliv\u0148uje hojen\u00ed i funkci t\u011bla, upozor\u0148uj\u00ed odborn\u00edci<\/a><\/h5>\n<div class=\"pt-cv-content\">Mamink\u00e1m v jihlavsk\u00e9 porodnici rad\u00ed s p\u00e9\u010d\u00ed o jizvu zdravotn\u00edci, ...<\/div>\n<div class=\"pt-cv-rmwrap\"><a href=\"https:\/\/www.nemji.cz\/en\/pece-o-jizvu-po-cisarskem-rezu-zasadne-ovlivnuje-hojeni-i-funkci-tela-upozornuji-odbornici\/\" class=\"_self pt-cv-readmore btn btn-success\" target=\"_self\" >P\u0159e\u010d\u00edst\u00a0\u00a0\u271a<\/a><\/div><\/div>\n<div class=\" pt-cv-content-item pt-cv-1-col\" ><div class=\"pt-cv-thumb-wrapper  \"><a href=\"https:\/\/www.nemji.cz\/en\/hledame-nove-kolegy-na-urgentni-prijem\/\" class=\"_self pt-cv-href-thumbnail pt-cv-thumb-default\" target=\"_self\" ><img loading=\"lazy\" decoding=\"async\" width=\"580\" height=\"400\" src=\"\/wp-content\/uploads\/2026\/04\/fyzik-580x400.jpg\" class=\"pt-cv-thumbnail\" alt=\"radiologick\u00fd fyzik\" \/><\/a><\/div>\n<h5 class=\"pt-cv-title\"><a href=\"https:\/\/www.nemji.cz\/en\/hledame-nove-kolegy-na-urgentni-prijem\/\" class=\"_self\" target=\"_self\" >Hled\u00e1me nov\u00e9ho kolegu &#8211; Radiologick\u00e9ho fyzika<\/a><\/h5>\n<div class=\"pt-cv-content\">Nemocnice Jihlava hled\u00e1 radiologick\u00e9ho fyzika na Onkologick\u00e9 odd\u011blen\u00ed ...<\/div>\n<div class=\"pt-cv-rmwrap\"><a href=\"https:\/\/www.nemji.cz\/en\/hledame-nove-kolegy-na-urgentni-prijem\/\" class=\"_self pt-cv-readmore btn btn-success\" target=\"_self\" >P\u0159e\u010d\u00edst\u00a0\u00a0\u271a<\/a><\/div><\/div>\n<div class=\" pt-cv-content-item pt-cv-1-col\" ><div class=\"pt-cv-thumb-wrapper  \"><a href=\"https:\/\/www.nemji.cz\/en\/youtuber-jan-hanko-patologie\/\" class=\"_self pt-cv-href-thumbnail pt-cv-thumb-default\" target=\"_self\" ><img loading=\"lazy\" decoding=\"async\" width=\"580\" height=\"400\" src=\"\/wp-content\/uploads\/2026\/03\/pat_uvod-580x400.jpg\" class=\"pt-cv-thumbnail\" alt=\"pat\" \/><\/a><\/div>\n<h5 class=\"pt-cv-title\"><a href=\"https:\/\/www.nemji.cz\/en\/youtuber-jan-hanko-patologie\/\" class=\"_self\" target=\"_self\" >Nov\u00e9 video z Nemocnice Jihlava: Youtuber Jan Hanko nav\u0161t\u00edvil patologii<\/a><\/h5>\n<div class=\"pt-cv-content\">Nemocnice Jihlava pokra\u010duje v p\u0159ibli\u017eov\u00e1n\u00ed sv\u00e9 pr\u00e1ce ve\u0159ejnosti prost\u0159ednictv\u00edm vide\u00ed ...<\/div>\n<div class=\"pt-cv-rmwrap\"><a href=\"https:\/\/www.nemji.cz\/en\/youtuber-jan-hanko-patologie\/\" class=\"_self pt-cv-readmore btn btn-success\" target=\"_self\" >P\u0159e\u010d\u00edst\u00a0\u00a0\u271a<\/a><\/div><\/div>\n<div class=\" pt-cv-content-item pt-cv-1-col\" ><div class=\"pt-cv-thumb-wrapper  \"><a href=\"https:\/\/www.nemji.cz\/en\/cely-den-plny-inspirace-sdileni-zkusenosti-a-novych-poznatku\/\" class=\"_self pt-cv-href-thumbnail pt-cv-thumb-default\" target=\"_self\" ><img loading=\"lazy\" decoding=\"async\" width=\"580\" height=\"400\" src=\"\/wp-content\/uploads\/2026\/04\/cab14d43-68bd-4032-a667-c06927ca2631-580x400.jpg\" class=\"pt-cv-thumbnail\" alt=\"konference\" \/><\/a><\/div>\n<h5 class=\"pt-cv-title\"><a href=\"https:\/\/www.nemji.cz\/en\/cely-den-plny-inspirace-sdileni-zkusenosti-a-novych-poznatku\/\" class=\"_self\" target=\"_self\" >Cel\u00fd den pln\u00fd inspirace, sd\u00edlen\u00ed zku\u0161enost\u00ed a nov\u00fdch poznatk\u016f.<\/a><\/h5>\n<div class=\"pt-cv-content\">Konference \u201eSou\u010dasn\u00e9 trendy v o\u0161et\u0159ovatelstv\u00ed v Nemocnici Jihlava V. \u2026aneb ...<\/div>\n<div class=\"pt-cv-rmwrap\"><a href=\"https:\/\/www.nemji.cz\/en\/cely-den-plny-inspirace-sdileni-zkusenosti-a-novych-poznatku\/\" class=\"_self pt-cv-readmore btn btn-success\" target=\"_self\" >P\u0159e\u010d\u00edst\u00a0\u00a0\u271a<\/a><\/div><\/div>\n<div class=\" pt-cv-content-item pt-cv-1-col\" ><div class=\"pt-cv-thumb-wrapper  \"><a href=\"https:\/\/www.nemji.cz\/en\/zdravotnici-jako-filmari-v-jihlave-vznikl-unikatni-film-ze-zakulisi-infekcniho-oddeleni\/\" class=\"_self pt-cv-href-thumbnail pt-cv-thumb-default\" target=\"_self\" ><img loading=\"lazy\" decoding=\"async\" width=\"580\" height=\"400\" src=\"\/wp-content\/uploads\/2026\/04\/Premiera-24-hodin-580x400.jpg\" class=\"pt-cv-thumbnail\" alt=\"premi\u00e9ra 24h\" \/><\/a><\/div>\n<h5 class=\"pt-cv-title\"><a href=\"https:\/\/www.nemji.cz\/en\/zdravotnici-jako-filmari-v-jihlave-vznikl-unikatni-film-ze-zakulisi-infekcniho-oddeleni\/\" class=\"_self\" target=\"_self\" >Zdravotn\u00edci jako filma\u0159i: v Jihlav\u011b vznikl unik\u00e1tn\u00ed film ze z\u00e1kulis\u00ed infek\u010dn\u00edho odd\u011blen\u00ed<\/a><\/h5>\n<div class=\"pt-cv-content\">Infek\u010dn\u00ed odd\u011blen\u00ed Nemocnice Jihlava p\u0159i\u0161lo s netradi\u010dn\u00edm n\u00e1padem ...<\/div>\n<div class=\"pt-cv-rmwrap\"><a href=\"https:\/\/www.nemji.cz\/en\/zdravotnici-jako-filmari-v-jihlave-vznikl-unikatni-film-ze-zakulisi-infekcniho-oddeleni\/\" class=\"_self pt-cv-readmore btn btn-success\" target=\"_self\" >P\u0159e\u010d\u00edst\u00a0\u00a0\u271a<\/a><\/div><\/div><\/div><\/div> <\/div> <style>\n\n#pt-cv-view-fysa6n9v .pt-cv-content-item { border-style: none;border-radius: 0px 0px 0px 0px; }#pt-cv-view-fysa6n9v .pt-cv-meta-fields {  }#pt-cv-view-fysa6n9v .pt-cv-meta-fields * { font-size: 13px; }.pt-cv-heading-container[data-blockid=\"fysa6n9v\"] {  }.pt-cv-heading-container[data-blockid=\"fysa6n9v\"] * { color: #003c56;font-weight: 600;font-size: 16px; }#pt-cv-view-fysa6n9v .pt-cv-thumb-wrapper {  }#pt-cv-view-fysa6n9v[class*=\"cveffect\"] .pt-cv-thumb-wrapper, #pt-cv-view-fysa6n9v:not([class*=\"cveffect\"]) .pt-cv-thumbnail { border-radius: 20px 20px 20px 20px; }#pt-cv-view-fysa6n9v .pt-cv-thumbnail {  }#pt-cv-view-fysa6n9v .pt-cv-title a { display: block;color: #003c56; }#pt-cv-view-fysa6n9v .pt-cv-title:not(.pt-cv-titlesm) a { font-weight: 600;text-decoration: none;font-size: 15px; }#pt-cv-view-fysa6n9v .pt-cv-titlesm a { font-weight: 600;font-size: 18px; }#pt-cv-view-fysa6n9v .pt-cv-content { font-size: 14px; }#pt-cv-view-fysa6n9v .pt-cv-rmwrap {  }#pt-cv-view-fysa6n9v .pt-cv-readmore { color: #4f5a61;background-color: #edf0f2;font-size: 14px;border-radius: 10px 10px 10px 10px; }#pt-cv-view-fysa6n9v .pt-cv-taxoterm {  }#pt-cv-view-fysa6n9v .pt-cv-taxoterm * { color: #222;background-color: #fff6f6;font-size: 14px; }#pt-cv-view-fysa6n9v + .pt-cv-pagination-wrapper {  }#pt-cv-view-fysa6n9v + .pt-cv-pagination-wrapper a { font-size: 14px; }#pt-cv-view-fysa6n9v > .pt-cv-page {grid-template-columns: repeat(5, 1fr);grid-gap: 20px;}#pt-cv-view-fysa6n9v .pt-cv-title a:hover { color: #bf311f; }#pt-cv-view-fysa6n9v .pt-cv-title:not(.pt-cv-titlesm) a:hover {  }#pt-cv-view-fysa6n9v .pt-cv-rmwrap:hover {  }#pt-cv-view-fysa6n9v .pt-cv-readmore:hover { color: #ffffff;background-color: #bf311f; }\n@media all and (max-width: 1024px) { \n#pt-cv-view-fysa6n9v > .pt-cv-page {grid-template-columns: repeat(3, 1fr);grid-gap: 15px;}\n} \n@media all and (max-width: 767px) { \n#pt-cv-view-fysa6n9v > .pt-cv-page {grid-template-columns: repeat(1, 1fr);grid-gap: 10px;}\n} <\/style><\/aside><div class=\"cl\"><\/div>\n<\/div>\n<\/div><\/div>\n<\/div>\n<\/div>\n<\/div>\n<\/div>\n<\/div>\n\n","protected":false},"excerpt":{"rendered":"<p>V\u00edce o t\u00fdmu pro c\u00e9vn\u00ed vstupy \u0159ekne v dal\u0161\u00edm d\u00edlu podcastu<\/p>","protected":false},"author":5,"featured_media":21261,"comment_status":"closed","ping_status":"closed","sticky":false,"template":"","format":"standard","meta":{"pgc_sgb_lightbox_settings":"","footnotes":"","_links_to":"","_links_to_target":""},"categories":[49],"tags":[],"class_list":["post-31695","post","type-post","status-publish","format-standard","has-post-thumbnail","hentry","category-aktuality"],"publishpress_future_action":{"enabled":false,"date":"2026-05-07 16:05:56","action":"change-status","newStatus":"trash","terms":[],"taxonomy":"category","extraData":[]},"publishpress_future_workflow_manual_trigger":{"enabledWorkflows":[]},"_links":{"self":[{"href":"https:\/\/www.nemji.cz\/en\/wp-json\/wp\/v2\/posts\/31695","targetHints":{"allow":["GET"]}}],"collection":[{"href":"https:\/\/www.nemji.cz\/en\/wp-json\/wp\/v2\/posts"}],"about":[{"href":"https:\/\/www.nemji.cz\/en\/wp-json\/wp\/v2\/types\/post"}],"author":[{"embeddable":true,"href":"https:\/\/www.nemji.cz\/en\/wp-json\/wp\/v2\/users\/5"}],"replies":[{"embeddable":true,"href":"https:\/\/www.nemji.cz\/en\/wp-json\/wp\/v2\/comments?post=31695"}],"version-history":[{"count":0,"href":"https:\/\/www.nemji.cz\/en\/wp-json\/wp\/v2\/posts\/31695\/revisions"}],"wp:featuredmedia":[{"embeddable":true,"href":"https:\/\/www.nemji.cz\/en\/wp-json\/wp\/v2\/media\/21261"}],"wp:attachment":[{"href":"https:\/\/www.nemji.cz\/en\/wp-json\/wp\/v2\/media?parent=31695"}],"wp:term":[{"taxonomy":"category","embeddable":true,"href":"https:\/\/www.nemji.cz\/en\/wp-json\/wp\/v2\/categories?post=31695"},{"taxonomy":"post_tag","embeddable":true,"href":"https:\/\/www.nemji.cz\/en\/wp-json\/wp\/v2\/tags?post=31695"}],"curies":[{"name":"wp","href":"https:\/\/api.w.org\/{rel}","templated":true}]}}