{"id":31924,"date":"2024-11-05T11:21:09","date_gmt":"2024-11-05T10:21:09","guid":{"rendered":"https:\/\/webnemji.azurewebsites.net\/?p=31924"},"modified":"2024-11-15T16:45:24","modified_gmt":"2024-11-15T15:45:24","slug":"pacientkam-na-gynekologii-se-naplnilo-vanocni-prani-maji-bezbarierovou-koupelnu","status":"publish","type":"post","link":"https:\/\/www.nemji.cz\/en\/pacientkam-na-gynekologii-se-naplnilo-vanocni-prani-maji-bezbarierovou-koupelnu\/","title":{"rendered":"Pacientk\u00e1m na gynekologii se naplnilo v\u00e1no\u010dn\u00ed p\u0159\u00e1n\u00ed, maj\u00ed bezbari\u00e9rovou koupelnu"},"content":{"rendered":"<div id=\"cmsmasters_row_\" class=\"cmsmasters_row cmsmasters_color_scheme_default cmsmasters_row_top_default cmsmasters_row_bot_default cmsmasters_row_boxed\">\n<div class=\"cmsmasters_row_outer_parent\">\n<div class=\"cmsmasters_row_outer\">\n<div class=\"cmsmasters_row_inner\">\n<div class=\"cmsmasters_row_margin\">\n<div id=\"cmsmasters_column_\" class=\"cmsmasters_column one_first\">\n<div class=\"cmsmasters_column_inner\"><div class=\"cmsmasters_text\">\n<p style=\"text-align: left;\"><nav aria-label=\"breadcrumbs\">\n            <div class=\"breadcrumb-container theme1\">\n                <ol>\n                                    <\/ol>\n            <\/div>\n        <\/nav>    <script type=\"application\/ld+json\">\n        {\n            \"@context\": \"http:\/\/schema.org\",\n            \"@type\": \"BreadcrumbList\",\n            \"itemListElement\": [\n                            ]\n        }\n    <\/script>\n   \n    <script>\n            <\/script>\n<\/p>\n<\/div>\n<div id=\"cmsmasters_divider_1sk6yyldai\" class=\"cmsmasters_divider cmsmasters_divider_width_short cmsmasters_divider_pos_center\"><\/div>\n<div class=\"cmsmasters_text news-content-anot\">\n<p>Lo\u0148sk\u00e9 v\u00e1no\u010dn\u00ed p\u0159\u00e1n\u00ed se poda\u0159ilo v\u00a0t\u011bchto dnech splnit na gynekologick\u00e9m odd\u011blen\u00ed jihlavsk\u00e9 nemocnice. Pacientky dostaly d\u00edky V\u00e1no\u010dn\u00edmu pokoji nad\u011blenou novou bezbari\u00e9rovou koupelnu. Na opravu se skl\u00e1daly des\u00edtky lid\u00ed.<\/p>\n<\/div>\n<div class=\"cmsmasters_text news-content\">\n<p>\u201eTato opraven\u00e1 koupelna slou\u017e\u00ed pro star\u0161\u00ed a \u010dasto omezen\u011b mobiln\u00ed pacientky po onkogynekologick\u00e9m z\u00e1kroku. Od roku 2023 pro \u010d\u00e1st t\u011bchto operac\u00ed vyu\u017e\u00edv\u00e1me robotick\u00fd syst\u00e9m, kter\u00fd je pro pacientky z hlediska rekonvalescence nejv\u00fdhodn\u011bj\u0161\u00ed.<\/p>\n<p>Bezbari\u00e9rov\u00e1 koupelna je pro operovan\u00e9 \u017eeny z\u00e1sadn\u00ed, a proto jsme moc r\u00e1di, \u017ee se poda\u0159ilo opravit komfortn\u00ed z\u00e1zem\u00ed,\u201c \u0159\u00edk\u00e1 prim\u00e1\u0159ka gynekologicko-porodnick\u00e9ho odd\u011blen\u00ed Petra Herboltov\u00e1.<\/p>\n<p><strong>Jeden\u00e1ct\u00fd V\u00e1no\u010dn\u00ed pokoj<\/strong> dostal novou tv\u00e1\u0159 <strong>d\u00edky d\u00e1rc\u016fm<\/strong>, kte\u0159\u00ed se lo\u0148sk\u00fd rok skl\u00e1dali p\u0159ed V\u00e1nocemi p\u0159esn\u011b do \u0160t\u011bdr\u00e9ho dne na opravu. Celkov\u011b se poda\u0159ilo vybrat 67 900 korun. Za posledn\u00edch jeden\u00e1ct let d\u00e1rci v\u011bnovali na opravy z\u00e1zem\u00ed v jihlavsk\u00e9 nemocnici t\u00e9m\u011b\u0159 1 400 000 korun. Poda\u0159ilo se tak zvelebit pokoje na d\u011btsk\u00e9m, gynekologick\u00e9m, rehabilita\u010dn\u00edm, geriatrick\u00e9m, chirurgick\u00e9m odd\u011blen\u00ed, nebo z\u00e1zem\u00ed pro d\u00e1rce krve \u010di chemostacion\u00e1\u0159.<\/p>\n<p>Leto\u0161n\u00ed v po\u0159ad\u00ed dvan\u00e1ct\u00fd V\u00e1no\u010dn\u00ed pokoj vyhl\u00e1s\u00ed jihlavsk\u00e1 nemocnice tradi\u010dn\u011b m\u011bs\u00edc p\u0159ed \u0160t\u011bdr\u00fdm dnem.<\/p>\n<p>&nbsp;<\/p>\n<p><b><span class=\"fontColorThemeDarkAlt\" style=\"color: #003c56;\">Nemocnice Jihlava<\/span>\u00a0<\/b><b>|<\/b><b>\u00a0<\/b><span class=\"fontColorThemePrimary\" style=\"color: #bf311f;\"><b>Va\u0161e nemocnice<\/b><\/span><\/p>\n<p>&nbsp;<\/p>\n<p style=\"text-align: center;\"><div class=\"pgc-sgb-cb wp-block-pgcsimplygalleryblock-grid \" data-gallery-id=\"36328962\"><div class=\"sgb-preloader\" id=\"pr_36328962\">\n\t<div class=\"sgb-square\" style=\"background:#d4d4d4\"><\/div>\n\t<div class=\"sgb-square\" style=\"background:#d4d4d4\"><\/div>\n\t<div class=\"sgb-square\" style=\"background:#d4d4d4\"><\/div>\n\t<div class=\"sgb-square\" style=\"background:#d4d4d4\"><\/div><\/div><div class=\"simply-gallery-amp pgc_sgb_slider \"><noscript><div class=\"sgb-gallery\"><div class=\"sgb-item\"><a href=\"https:\/\/webnemji.azurewebsites.net\/pacientkam-na-gynekologii-se-naplnilo-vanocni-prani-maji-bezbarierovou-koupelnu\/koupelna\/\" target=\"_blank\"><img decoding=\"async\" alt=\"gyn-por v\u00e1no\u010dn\u00ed koupelna\" width=\"300\" height=\"224\" loading=\"lazy\" src=\"\/wp-content\/uploads\/2024\/11\/koupelna-300x224.jpg\" srcset=\"\/wp-content\/uploads\/2024\/11\/koupelna-300x224.jpg 300w,\/wp-content\/uploads\/2024\/11\/koupelna-1024x766.jpg 1024w,\/wp-content\/uploads\/2024\/11\/koupelna.jpg 1600w\" sizes=\"auto, 250px\"\/><\/a><\/div><div class=\"sgb-item\"><a href=\"https:\/\/webnemji.azurewebsites.net\/pacientkam-na-gynekologii-se-naplnilo-vanocni-prani-maji-bezbarierovou-koupelnu\/koupelna2\/\" target=\"_blank\"><img decoding=\"async\" alt=\"\" width=\"300\" height=\"224\" loading=\"lazy\" src=\"\/wp-content\/uploads\/2024\/11\/koupelna2-300x224.jpg\" srcset=\"\/wp-content\/uploads\/2024\/11\/koupelna2-300x224.jpg 300w,\/wp-content\/uploads\/2024\/11\/koupelna2-1024x766.jpg 1024w,\/wp-content\/uploads\/2024\/11\/koupelna2.jpg 1600w\" sizes=\"auto, 250px\"\/><\/a><\/div><\/div><\/noscript><\/div><script type=\"application\/json\" class=\"sgb-data\">{\"collectionColumns\":4,\"thumbHieghtRation\":0.8,\"thumbSpacing\":10,\"thumbMobileSpacing\":10,\"externalLink\":false,\"captions\":false,\"captionHAlign\":\"bottom\",\"collectionthumbHoverTitleFontSize\":16,\"collectionthumbRoundedCorners\":20,\"collectionThumbSubMenuDownload\":false,\"collectionThumbSubMenuShare\":false,\"galleryType\":\"pgc_sgb_grid\",\"galleryId\":\"36328962\",\"images\":[{\"id\":31927,\"title\":\"koupelna\",\"url\":\"\/wp-content\/uploads\/2024\/11\/koupelna.jpg\",\"link\":\"https:\/\/webnemji.azurewebsites.net\/pacientkam-na-gynekologii-se-naplnilo-vanocni-prani-maji-bezbarierovou-koupelnu\/koupelna\/\",\"alt\":\"gyn-por v\u00e1no\u010dn\u00ed koupelna\",\"description\":\"\",\"caption\":\"\",\"mime\":\"image\/jpeg\",\"type\":\"image\",\"width\":1600,\"height\":1197,\"sizes\":{\"thumbnail\":{\"height\":150,\"width\":150,\"url\":\"\/wp-content\/uploads\/2024\/11\/koupelna-150x150.jpg\",\"orientation\":\"landscape\"},\"medium\":{\"height\":224,\"width\":300,\"url\":\"\/wp-content\/uploads\/2024\/11\/koupelna-300x224.jpg\",\"orientation\":\"landscape\"},\"large\":{\"height\":766,\"width\":1024,\"url\":\"\/wp-content\/uploads\/2024\/11\/koupelna-1024x766.jpg\",\"orientation\":\"landscape\"},\"full\":{\"url\":\"\/wp-content\/uploads\/2024\/11\/koupelna.jpg\",\"height\":1197,\"width\":1600,\"orientation\":\"landscape\"}},\"imageMeta\":{\"aperture\":\"0\",\"credit\":\"\",\"camera\":\"\",\"caption\":\"\",\"created_timestamp\":\"0\",\"copyright\":\"\",\"focal_length\":\"0\",\"iso\":\"0\",\"shutter_speed\":\"0\",\"title\":\"\",\"orientation\":\"0\",\"keywords\":[]},\"meta\":false,\"postlink\":\"https:\/\/webnemji.azurewebsites.net\/pacientkam-na-gynekologii-se-naplnilo-vanocni-prani-maji-bezbarierovou-koupelnu\/koupelna\/\"},{\"id\":31926,\"title\":\"koupelna2\",\"url\":\"\/wp-content\/uploads\/2024\/11\/koupelna2.jpg\",\"link\":\"https:\/\/webnemji.azurewebsites.net\/pacientkam-na-gynekologii-se-naplnilo-vanocni-prani-maji-bezbarierovou-koupelnu\/koupelna2\/\",\"alt\":\"\",\"description\":\"\",\"caption\":\"\",\"mime\":\"image\/jpeg\",\"type\":\"image\",\"width\":1600,\"height\":1197,\"sizes\":{\"thumbnail\":{\"height\":150,\"width\":150,\"url\":\"\/wp-content\/uploads\/2024\/11\/koupelna2-150x150.jpg\",\"orientation\":\"landscape\"},\"medium\":{\"height\":224,\"width\":300,\"url\":\"\/wp-content\/uploads\/2024\/11\/koupelna2-300x224.jpg\",\"orientation\":\"landscape\"},\"large\":{\"height\":766,\"width\":1024,\"url\":\"\/wp-content\/uploads\/2024\/11\/koupelna2-1024x766.jpg\",\"orientation\":\"landscape\"},\"full\":{\"url\":\"\/wp-content\/uploads\/2024\/11\/koupelna2.jpg\",\"height\":1197,\"width\":1600,\"orientation\":\"landscape\"}},\"imageMeta\":{\"aperture\":\"0\",\"credit\":\"\",\"camera\":\"\",\"caption\":\"\",\"created_timestamp\":\"0\",\"copyright\":\"\",\"focal_length\":\"0\",\"iso\":\"0\",\"shutter_speed\":\"0\",\"title\":\"\",\"orientation\":\"0\",\"keywords\":[]},\"meta\":false,\"postlink\":\"https:\/\/webnemji.azurewebsites.net\/pacientkam-na-gynekologii-se-naplnilo-vanocni-prani-maji-bezbarierovou-koupelnu\/koupelna2\/\"}],\"useClobalSettings\":true,\"shareFacebook\":false,\"shareTwitter\":false,\"sharePinterest\":false,\"sliderItemDownload\":false,\"shareCopyLink\":false,\"sliderItemTitleEnable\":true,\"sliderItemTitleFontSize\":16,\"sliderSlideshow\":false,\"sliderSlideshowDelay\":6,\"sliderSocialShareEnabled\":false,\"TrpContentRestriction\":{\"restriction_type\":\"exclude\",\"selected_languages\":[],\"panel_open\":true},\"itemsMetaDataCollection\":[]}<\/script><script>(function(){if(window.PGC_SGB && window.PGC_SGB.searcher){window.PGC_SGB.searcher.initBlocks()}})()<\/script><\/div>\n<\/div>\n<div class=\"cmsmasters_text\">\n<p>&nbsp;<\/p>\n<\/div>\n<div id=\"cmsmasters_divider_s8rl0slo4r\" class=\"cmsmasters_divider cmsmasters_divider_width_long cmsmasters_divider_pos_center\"><\/div>\n<div id=\"cmsmasters_button_m9j7eykyp\" class=\"button_wrap\"><a href=\"\/aktuality\/\" class=\"cmsmasters_button all-news-btn\"><span>V\u0161echny aktuality\u00a0\u00a0\u271a<\/span><\/a><\/div>\n<div class=\"cmsmasters_sidebar sidebar_layout_11 post-custom-sidebar\"><aside id=\"block-12\" class=\"widget widget_block\"><div class='pt-cv-wrapper'> <h3 class='pt-cv-heading-container heading1' data-blockid='fysa6n9v'><span class='pt-cv-heading'> Posledn\u00ed aktuality <\/span><\/h3><div class=\"pt-cv-view pt-cv-blockgrid iscvblock iscvreal grid1 layout1\" id=\"pt-cv-view-fysa6n9v\"><div data-id=\"pt-cv-page-1\" class=\"pt-cv-page\" data-cvc=\"5\"><div class=\" pt-cv-content-item pt-cv-1-col\" ><div class=\"pt-cv-thumb-wrapper  \"><a href=\"https:\/\/www.nemji.cz\/en\/pece-o-jizvu-po-cisarskem-rezu-zasadne-ovlivnuje-hojeni-i-funkci-tela-upozornuji-odbornici\/\" class=\"_self pt-cv-href-thumbnail pt-cv-thumb-default\" target=\"_self\" ><img loading=\"lazy\" decoding=\"async\" width=\"580\" height=\"400\" src=\"\/wp-content\/uploads\/2026\/04\/jizva_tit-580x400.jpg\" class=\"pt-cv-thumbnail\" alt=\"jizva po c\u00edsa\u0159sk\u00e9m porodu\" \/><\/a><\/div>\n<h5 class=\"pt-cv-title\"><a href=\"https:\/\/www.nemji.cz\/en\/pece-o-jizvu-po-cisarskem-rezu-zasadne-ovlivnuje-hojeni-i-funkci-tela-upozornuji-odbornici\/\" class=\"_self\" target=\"_self\" >P\u00e9\u010de o jizvu po c\u00edsa\u0159sk\u00e9m \u0159ezu z\u00e1sadn\u011b ovliv\u0148uje hojen\u00ed i funkci t\u011bla, upozor\u0148uj\u00ed odborn\u00edci<\/a><\/h5>\n<div class=\"pt-cv-content\">Mamink\u00e1m v jihlavsk\u00e9 porodnici rad\u00ed s p\u00e9\u010d\u00ed o jizvu zdravotn\u00edci, ...<\/div>\n<div class=\"pt-cv-rmwrap\"><a href=\"https:\/\/www.nemji.cz\/en\/pece-o-jizvu-po-cisarskem-rezu-zasadne-ovlivnuje-hojeni-i-funkci-tela-upozornuji-odbornici\/\" class=\"_self pt-cv-readmore btn btn-success\" target=\"_self\" >P\u0159e\u010d\u00edst\u00a0\u00a0\u271a<\/a><\/div><\/div>\n<div class=\" pt-cv-content-item pt-cv-1-col\" ><div class=\"pt-cv-thumb-wrapper  \"><a href=\"https:\/\/www.nemji.cz\/en\/hledame-nove-kolegy-na-urgentni-prijem\/\" class=\"_self pt-cv-href-thumbnail pt-cv-thumb-default\" target=\"_self\" ><img loading=\"lazy\" decoding=\"async\" width=\"580\" height=\"400\" src=\"\/wp-content\/uploads\/2026\/04\/fyzik-580x400.jpg\" class=\"pt-cv-thumbnail\" alt=\"radiologick\u00fd fyzik\" \/><\/a><\/div>\n<h5 class=\"pt-cv-title\"><a href=\"https:\/\/www.nemji.cz\/en\/hledame-nove-kolegy-na-urgentni-prijem\/\" class=\"_self\" target=\"_self\" >Hled\u00e1me nov\u00e9ho kolegu &#8211; Radiologick\u00e9ho fyzika<\/a><\/h5>\n<div class=\"pt-cv-content\">Nemocnice Jihlava hled\u00e1 radiologick\u00e9ho fyzika na Onkologick\u00e9 odd\u011blen\u00ed ...<\/div>\n<div class=\"pt-cv-rmwrap\"><a href=\"https:\/\/www.nemji.cz\/en\/hledame-nove-kolegy-na-urgentni-prijem\/\" class=\"_self pt-cv-readmore btn btn-success\" target=\"_self\" >P\u0159e\u010d\u00edst\u00a0\u00a0\u271a<\/a><\/div><\/div>\n<div class=\" pt-cv-content-item pt-cv-1-col\" ><div class=\"pt-cv-thumb-wrapper  \"><a href=\"https:\/\/www.nemji.cz\/en\/youtuber-jan-hanko-patologie\/\" class=\"_self pt-cv-href-thumbnail pt-cv-thumb-default\" target=\"_self\" ><img loading=\"lazy\" decoding=\"async\" width=\"580\" height=\"400\" src=\"\/wp-content\/uploads\/2026\/03\/pat_uvod-580x400.jpg\" class=\"pt-cv-thumbnail\" alt=\"pat\" \/><\/a><\/div>\n<h5 class=\"pt-cv-title\"><a href=\"https:\/\/www.nemji.cz\/en\/youtuber-jan-hanko-patologie\/\" class=\"_self\" target=\"_self\" >Nov\u00e9 video z Nemocnice Jihlava: Youtuber Jan Hanko nav\u0161t\u00edvil patologii<\/a><\/h5>\n<div class=\"pt-cv-content\">Nemocnice Jihlava pokra\u010duje v p\u0159ibli\u017eov\u00e1n\u00ed sv\u00e9 pr\u00e1ce ve\u0159ejnosti prost\u0159ednictv\u00edm vide\u00ed ...<\/div>\n<div class=\"pt-cv-rmwrap\"><a href=\"https:\/\/www.nemji.cz\/en\/youtuber-jan-hanko-patologie\/\" class=\"_self pt-cv-readmore btn btn-success\" target=\"_self\" >P\u0159e\u010d\u00edst\u00a0\u00a0\u271a<\/a><\/div><\/div>\n<div class=\" pt-cv-content-item pt-cv-1-col\" ><div class=\"pt-cv-thumb-wrapper  \"><a href=\"https:\/\/www.nemji.cz\/en\/cely-den-plny-inspirace-sdileni-zkusenosti-a-novych-poznatku\/\" class=\"_self pt-cv-href-thumbnail pt-cv-thumb-default\" target=\"_self\" ><img loading=\"lazy\" decoding=\"async\" width=\"580\" height=\"400\" src=\"\/wp-content\/uploads\/2026\/04\/cab14d43-68bd-4032-a667-c06927ca2631-580x400.jpg\" class=\"pt-cv-thumbnail\" alt=\"konference\" \/><\/a><\/div>\n<h5 class=\"pt-cv-title\"><a href=\"https:\/\/www.nemji.cz\/en\/cely-den-plny-inspirace-sdileni-zkusenosti-a-novych-poznatku\/\" class=\"_self\" target=\"_self\" >Cel\u00fd den pln\u00fd inspirace, sd\u00edlen\u00ed zku\u0161enost\u00ed a nov\u00fdch poznatk\u016f.<\/a><\/h5>\n<div class=\"pt-cv-content\">Konference \u201eSou\u010dasn\u00e9 trendy v o\u0161et\u0159ovatelstv\u00ed v Nemocnici Jihlava V. \u2026aneb ...<\/div>\n<div class=\"pt-cv-rmwrap\"><a href=\"https:\/\/www.nemji.cz\/en\/cely-den-plny-inspirace-sdileni-zkusenosti-a-novych-poznatku\/\" class=\"_self pt-cv-readmore btn btn-success\" target=\"_self\" >P\u0159e\u010d\u00edst\u00a0\u00a0\u271a<\/a><\/div><\/div>\n<div class=\" pt-cv-content-item pt-cv-1-col\" ><div class=\"pt-cv-thumb-wrapper  \"><a href=\"https:\/\/www.nemji.cz\/en\/zdravotnici-jako-filmari-v-jihlave-vznikl-unikatni-film-ze-zakulisi-infekcniho-oddeleni\/\" class=\"_self pt-cv-href-thumbnail pt-cv-thumb-default\" target=\"_self\" ><img loading=\"lazy\" decoding=\"async\" width=\"580\" height=\"400\" src=\"\/wp-content\/uploads\/2026\/04\/Premiera-24-hodin-580x400.jpg\" class=\"pt-cv-thumbnail\" alt=\"premi\u00e9ra 24h\" \/><\/a><\/div>\n<h5 class=\"pt-cv-title\"><a href=\"https:\/\/www.nemji.cz\/en\/zdravotnici-jako-filmari-v-jihlave-vznikl-unikatni-film-ze-zakulisi-infekcniho-oddeleni\/\" class=\"_self\" target=\"_self\" >Zdravotn\u00edci jako filma\u0159i: v Jihlav\u011b vznikl unik\u00e1tn\u00ed film ze z\u00e1kulis\u00ed infek\u010dn\u00edho odd\u011blen\u00ed<\/a><\/h5>\n<div class=\"pt-cv-content\">Infek\u010dn\u00ed odd\u011blen\u00ed Nemocnice Jihlava p\u0159i\u0161lo s netradi\u010dn\u00edm n\u00e1padem ...<\/div>\n<div class=\"pt-cv-rmwrap\"><a href=\"https:\/\/www.nemji.cz\/en\/zdravotnici-jako-filmari-v-jihlave-vznikl-unikatni-film-ze-zakulisi-infekcniho-oddeleni\/\" class=\"_self pt-cv-readmore btn btn-success\" target=\"_self\" >P\u0159e\u010d\u00edst\u00a0\u00a0\u271a<\/a><\/div><\/div><\/div><\/div> <\/div> <style>\n\n#pt-cv-view-fysa6n9v .pt-cv-content-item { border-style: none;border-radius: 0px 0px 0px 0px; }#pt-cv-view-fysa6n9v .pt-cv-meta-fields {  }#pt-cv-view-fysa6n9v .pt-cv-meta-fields * { font-size: 13px; }.pt-cv-heading-container[data-blockid=\"fysa6n9v\"] {  }.pt-cv-heading-container[data-blockid=\"fysa6n9v\"] * { color: #003c56;font-weight: 600;font-size: 16px; }#pt-cv-view-fysa6n9v .pt-cv-thumb-wrapper {  }#pt-cv-view-fysa6n9v[class*=\"cveffect\"] .pt-cv-thumb-wrapper, #pt-cv-view-fysa6n9v:not([class*=\"cveffect\"]) .pt-cv-thumbnail { border-radius: 20px 20px 20px 20px; }#pt-cv-view-fysa6n9v .pt-cv-thumbnail {  }#pt-cv-view-fysa6n9v .pt-cv-title a { display: block;color: #003c56; }#pt-cv-view-fysa6n9v .pt-cv-title:not(.pt-cv-titlesm) a { font-weight: 600;text-decoration: none;font-size: 15px; }#pt-cv-view-fysa6n9v .pt-cv-titlesm a { font-weight: 600;font-size: 18px; }#pt-cv-view-fysa6n9v .pt-cv-content { font-size: 14px; }#pt-cv-view-fysa6n9v .pt-cv-rmwrap {  }#pt-cv-view-fysa6n9v .pt-cv-readmore { color: #4f5a61;background-color: #edf0f2;font-size: 14px;border-radius: 10px 10px 10px 10px; }#pt-cv-view-fysa6n9v .pt-cv-taxoterm {  }#pt-cv-view-fysa6n9v .pt-cv-taxoterm * { color: #222;background-color: #fff6f6;font-size: 14px; }#pt-cv-view-fysa6n9v + .pt-cv-pagination-wrapper {  }#pt-cv-view-fysa6n9v + .pt-cv-pagination-wrapper a { font-size: 14px; }#pt-cv-view-fysa6n9v > .pt-cv-page {grid-template-columns: repeat(5, 1fr);grid-gap: 20px;}#pt-cv-view-fysa6n9v .pt-cv-title a:hover { color: #bf311f; }#pt-cv-view-fysa6n9v .pt-cv-title:not(.pt-cv-titlesm) a:hover {  }#pt-cv-view-fysa6n9v .pt-cv-rmwrap:hover {  }#pt-cv-view-fysa6n9v .pt-cv-readmore:hover { color: #ffffff;background-color: #bf311f; }\n@media all and (max-width: 1024px) { \n#pt-cv-view-fysa6n9v > .pt-cv-page {grid-template-columns: repeat(3, 1fr);grid-gap: 15px;}\n} \n@media all and (max-width: 767px) { \n#pt-cv-view-fysa6n9v > .pt-cv-page {grid-template-columns: repeat(1, 1fr);grid-gap: 10px;}\n} <\/style><\/aside><div class=\"cl\"><\/div>\n<\/div>\n<\/div><\/div>\n<\/div>\n<\/div>\n<\/div>\n<\/div>\n<\/div>\n\n","protected":false},"excerpt":{"rendered":"<p>Lo\u0148sk\u00e9 v\u00e1no\u010dn\u00ed p\u0159\u00e1n\u00ed se poda\u0159ilo v t\u011bchto dnech splnit na gynekologick\u00e9m odd\u011blen\u00ed jihlavsk\u00e9 nemocnice.<\/p>","protected":false},"author":5,"featured_media":31927,"comment_status":"closed","ping_status":"closed","sticky":false,"template":"","format":"standard","meta":{"pgc_sgb_lightbox_settings":"","footnotes":"","_links_to":"","_links_to_target":""},"categories":[49],"tags":[],"class_list":["post-31924","post","type-post","status-publish","format-standard","has-post-thumbnail","hentry","category-aktuality"],"publishpress_future_action":{"enabled":false,"date":"2026-05-07 16:25:50","action":"change-status","newStatus":"trash","terms":[],"taxonomy":"category","extraData":[]},"publishpress_future_workflow_manual_trigger":{"enabledWorkflows":[]},"_links":{"self":[{"href":"https:\/\/www.nemji.cz\/en\/wp-json\/wp\/v2\/posts\/31924","targetHints":{"allow":["GET"]}}],"collection":[{"href":"https:\/\/www.nemji.cz\/en\/wp-json\/wp\/v2\/posts"}],"about":[{"href":"https:\/\/www.nemji.cz\/en\/wp-json\/wp\/v2\/types\/post"}],"author":[{"embeddable":true,"href":"https:\/\/www.nemji.cz\/en\/wp-json\/wp\/v2\/users\/5"}],"replies":[{"embeddable":true,"href":"https:\/\/www.nemji.cz\/en\/wp-json\/wp\/v2\/comments?post=31924"}],"version-history":[{"count":0,"href":"https:\/\/www.nemji.cz\/en\/wp-json\/wp\/v2\/posts\/31924\/revisions"}],"wp:featuredmedia":[{"embeddable":true,"href":"https:\/\/www.nemji.cz\/en\/wp-json\/wp\/v2\/media\/31927"}],"wp:attachment":[{"href":"https:\/\/www.nemji.cz\/en\/wp-json\/wp\/v2\/media?parent=31924"}],"wp:term":[{"taxonomy":"category","embeddable":true,"href":"https:\/\/www.nemji.cz\/en\/wp-json\/wp\/v2\/categories?post=31924"},{"taxonomy":"post_tag","embeddable":true,"href":"https:\/\/www.nemji.cz\/en\/wp-json\/wp\/v2\/tags?post=31924"}],"curies":[{"name":"wp","href":"https:\/\/api.w.org\/{rel}","templated":true}]}}