{"id":32293,"date":"2024-12-03T13:38:39","date_gmt":"2024-12-03T12:38:39","guid":{"rendered":"https:\/\/webnemji.azurewebsites.net\/?p=32293"},"modified":"2024-12-03T13:38:39","modified_gmt":"2024-12-03T12:38:39","slug":"zdravotnici-nove-pomuzou-pacientum-ktere-trapi-rozpichane-zily","status":"publish","type":"post","link":"https:\/\/www.nemji.cz\/en\/zdravotnici-nove-pomuzou-pacientum-ktere-trapi-rozpichane-zily\/","title":{"rendered":"Zdravotn\u00edci nov\u011b pom\u016f\u017eou pacient\u016fm, kter\u00e9 tr\u00e1p\u00ed rozp\u00edchan\u00e9 \u017e\u00edly"},"content":{"rendered":"<div id=\"cmsmasters_row_\" class=\"cmsmasters_row cmsmasters_color_scheme_default cmsmasters_row_top_default cmsmasters_row_bot_default cmsmasters_row_boxed\">\n<div class=\"cmsmasters_row_outer_parent\">\n<div class=\"cmsmasters_row_outer\">\n<div class=\"cmsmasters_row_inner\">\n<div class=\"cmsmasters_row_margin\">\n<div id=\"cmsmasters_column_\" class=\"cmsmasters_column one_first\">\n<div class=\"cmsmasters_column_inner\"><div class=\"cmsmasters_text\">\n<p style=\"text-align: left;\"><nav aria-label=\"breadcrumbs\">\n            <div class=\"breadcrumb-container theme1\">\n                <ol>\n                                    <\/ol>\n            <\/div>\n        <\/nav>    <script type=\"application\/ld+json\">\n        {\n            \"@context\": \"http:\/\/schema.org\",\n            \"@type\": \"BreadcrumbList\",\n            \"itemListElement\": [\n                            ]\n        }\n    <\/script>\n   \n    <script>\n            <\/script>\n<\/p>\n<\/div>\n<div id=\"cmsmasters_divider_1sk6yyldai\" class=\"cmsmasters_divider cmsmasters_divider_width_short cmsmasters_divider_pos_center\"><\/div>\n<div class=\"cmsmasters_text news-content-anot\">\n<p>Nemocni\u010dn\u00ed t\u00fdm pro c\u00e9vn\u00ed vstupy. To je n\u00e1zev skupiny zdravotn\u00edk\u016f, kter\u00e1 pom\u00e1h\u00e1 p\u0159edev\u0161\u00edm onkologick\u00fdm pacient\u016fm nebo nap\u0159. t\u011bm, kte\u0159\u00ed jsou dlouhodob\u011b na terapii antibiotik \u010di pacient\u016fm vy\u017eaduj\u00edc\u00ed intenzivn\u00ed p\u00e9\u010di. T\u011bm v\u0161em se mus\u00ed nitro\u017eiln\u011b pod\u00e1vat l\u00e9ky a kv\u016fli tomu je tr\u00e1p\u00ed opakovan\u00e9 zav\u00e1d\u011bn\u00ed kr\u00e1tkodob\u00fdch kanyl. T\u00fdm m\u00e1 pomoci hlavn\u011b pacient\u016fm, kte\u0159\u00ed maj\u00ed hor\u0161\u00ed krevn\u00ed \u0159e\u010di\u0161t\u011b. T\u00fdm zdravotn\u00edch sester m\u016f\u017ee d\u00edky certifikaci s\u00e1m zav\u00e1d\u011bt \u017eiln\u00ed katetr bez dohledu l\u00e9ka\u0159e. U\u0161et\u0159\u00ed se d\u00edky tomu tak\u00e9 \u010das zdravotn\u00edk\u016f i pacient\u016f.<\/p>\n<\/div>\n<div class=\"cmsmasters_text news-content\">\n<p>Zdravotn\u00edci nov\u011b z\u00edskali certifikaci na zav\u00e1d\u011bn\u00ed centr\u00e1ln\u00edho \u017eiln\u00edho katetru PICC. To je dlouhodob\u00fd \u017eiln\u00ed vstup zaveden\u00fd do centr\u00e1ln\u00edho \u017eiln\u00edho \u0159e\u010di\u0161t\u011b za \u00fa\u010delem nekomplikovan\u00e9ho pod\u00e1n\u00ed l\u00e9\u010div\u00fdch p\u0159\u00edpravk\u016f. \u201eTento katetr mohou zav\u00e1d\u011bt nov\u011b ji\u017e samy zdravotn\u00ed sestry bez l\u00e9ka\u0159e. Zav\u00e1d\u00ed se pod ultrazvukem, EKG navigac\u00ed, nebo rentgenovou kontrolou. Tento vstup m\u00e1 pacient i rok a nej\u010dast\u011bji se jedn\u00e1 o onkologick\u00e9 pacienty, kte\u0159\u00ed chod\u00ed na chemoterapie. Samoz\u0159ejm\u011b, \u017ee zaji\u0161\u0165ujeme tak\u00e9 celkovou o\u0161et\u0159ovatelskou p\u00e9\u010di o tyto vstupy dodr\u017eov\u00e1n\u00edm jasn\u011b definovan\u00fdch protokol\u016f,\u201c popisuje stani\u010dn\u00ed sestra chirurgick\u00e9ho odd\u011blen\u00ed Petra Findov\u00e1.<\/p>\n<p>Ji\u017e del\u0161\u00ed dobu zav\u00e1d\u00ed zdravotn\u00ed sestry pacient\u016fm midline katetry zaveden\u00e9 z\u00a0m\u00edsta v\u00a0oblasti pa\u017ee: \u201eTy se li\u0161\u00ed t\u00edm, \u017ee jsou krat\u0161\u00ed, kon\u010d\u00ed v\u00a0axil\u00e1rn\u00ed \u017e\u00edle v\u00a0oblasti podpa\u017e\u00ed a zav\u00e1d\u00ed se tak\u00e9 na krat\u0161\u00ed dobu, p\u0159ibli\u017en\u011b jeden m\u011bs\u00edc. Takov\u00fdch pacient\u016f m\u00e1me asi 400 ro\u010dn\u011b. Oproti tomu PICC centr\u00e1ln\u00ed \u017eiln\u00ed katetry, kter\u00e9 se zav\u00e1d\u00ed tak\u00e9 z\u00a0m\u00edsta v\u00a0oblasti pa\u017ee, ale a\u017e do centr\u00e1ln\u00ed \u017e\u00edly do m\u00edsta \u00fast\u00ed dut\u00e9 \u017e\u00edly do prav\u00e9 s\u00edn\u011b a pacient jej m\u00e1 t\u0159eba i rok,\u201c dod\u00e1v\u00e1 Petra Findov\u00e1.<\/p>\n<p>Pacienti si novinku pochvaluj\u00ed: \u201ePacient\u016fm, kter\u00fdm se pod\u00e1v\u00e1 mno\u017estv\u00ed l\u00e9\u010div, se ni\u010d\u00ed \u017eiln\u00ed syst\u00e9m, tr\u00e1p\u00ed je rozp\u00edchan\u00e9 \u017e\u00edly a z\u00e1n\u011bty, co\u017e je bolestiv\u00e9. D\u00edky jednomu vstupu se tomu vyvaruj\u00ed,\u201c popisuje Petra Findov\u00e1 s\u00a0t\u00edm, \u017ee PICC centr\u00e1ln\u00ed \u017eiln\u00ed katetr se m\u016f\u017ee zav\u00e9st pacientovi nap\u0159\u00edklad p\u0159ed za\u010d\u00e1tkem hospitalizace.<\/p>\n<p>Nov\u00fd specializovan\u00fd t\u00fdm pro c\u00e9vn\u00ed vstupy mohou vyu\u017e\u00edt v\u0161ichni, kter\u00fdm se mus\u00ed dlouhodob\u011b pod\u00e1vat nitro\u017eiln\u011b l\u00e9ky. D\u016fle\u017eit\u00e1 je spr\u00e1vn\u00e1 indikace, jak\u00fd katetr zvolit. Ro\u010dn\u011b d\u00edky tomu zdravotn\u00edci zlep\u0161\u00ed komfort l\u00e9\u010dby stovk\u00e1m lid\u00ed.<\/p>\n<p>&nbsp;<\/p>\n<p><b><span class=\"fontColorThemeDarkAlt\" style=\"color: #003c56;\">Nemocnice Jihlava<\/span>\u00a0<\/b><b>|<\/b><b>\u00a0<\/b><span class=\"fontColorThemePrimary\" style=\"color: #bf311f;\"><b>Va\u0161e nemocnice<\/b><\/span><\/p>\n<p>&nbsp;<\/p>\n<p style=\"text-align: center;\"><div class=\"pgc-sgb-cb wp-block-pgcsimplygalleryblock-grid \" data-gallery-id=\"36328962\"><div class=\"sgb-preloader\" id=\"pr_36328962\">\n\t<div class=\"sgb-square\" style=\"background:#d4d4d4\"><\/div>\n\t<div class=\"sgb-square\" style=\"background:#d4d4d4\"><\/div>\n\t<div class=\"sgb-square\" style=\"background:#d4d4d4\"><\/div>\n\t<div class=\"sgb-square\" style=\"background:#d4d4d4\"><\/div><\/div><div class=\"simply-gallery-amp pgc_sgb_slider \"><noscript><div class=\"sgb-gallery\"><div class=\"sgb-item\"><a href=\"https:\/\/webnemji.azurewebsites.net\/?attachment_id=32296\" target=\"_blank\"><img decoding=\"async\" alt=\"\" width=\"300\" height=\"224\" loading=\"lazy\" src=\"\/wp-content\/uploads\/2024\/12\/aktu-300x224.jpg\" srcset=\"\/wp-content\/uploads\/2024\/12\/aktu-300x224.jpg 300w,\/wp-content\/uploads\/2024\/12\/aktu-1024x766.jpg 1024w,\/wp-content\/uploads\/2024\/12\/aktu.jpg 1600w\" sizes=\"auto, 250px\"\/><\/a><\/div><div class=\"sgb-item\"><a href=\"https:\/\/webnemji.azurewebsites.net\/?attachment_id=32295\" target=\"_blank\"><img decoding=\"async\" alt=\"\" width=\"233\" height=\"300\" loading=\"lazy\" src=\"\/wp-content\/uploads\/2024\/12\/aktu2-233x300.jpg\" srcset=\"\/wp-content\/uploads\/2024\/12\/aktu2-233x300.jpg 233w,\/wp-content\/uploads\/2024\/12\/aktu2-796x1024.jpg 796w,\/wp-content\/uploads\/2024\/12\/aktu2.jpg 1770w\" sizes=\"auto, 250px\"\/><\/a><\/div><\/div><\/noscript><\/div><script type=\"application\/json\" class=\"sgb-data\">{\"collectionColumns\":4,\"thumbHieghtRation\":0.8,\"thumbSpacing\":10,\"thumbMobileSpacing\":10,\"externalLink\":false,\"captions\":false,\"captionHAlign\":\"bottom\",\"collectionthumbHoverTitleFontSize\":16,\"collectionthumbRoundedCorners\":20,\"collectionThumbSubMenuDownload\":false,\"collectionThumbSubMenuShare\":false,\"galleryType\":\"pgc_sgb_grid\",\"galleryId\":\"36328962\",\"images\":[{\"id\":32296,\"title\":\"aktu\",\"url\":\"\/wp-content\/uploads\/2024\/12\/aktu.jpg\",\"link\":\"https:\/\/webnemji.azurewebsites.net\/?attachment_id=32296\",\"alt\":\"\",\"description\":\"\",\"caption\":\"\",\"mime\":\"image\/jpeg\",\"type\":\"image\",\"width\":1600,\"height\":1197,\"sizes\":{\"thumbnail\":{\"height\":150,\"width\":150,\"url\":\"\/wp-content\/uploads\/2024\/12\/aktu-150x150.jpg\",\"orientation\":\"landscape\"},\"medium\":{\"height\":224,\"width\":300,\"url\":\"\/wp-content\/uploads\/2024\/12\/aktu-300x224.jpg\",\"orientation\":\"landscape\"},\"large\":{\"height\":766,\"width\":1024,\"url\":\"\/wp-content\/uploads\/2024\/12\/aktu-1024x766.jpg\",\"orientation\":\"landscape\"},\"full\":{\"url\":\"\/wp-content\/uploads\/2024\/12\/aktu.jpg\",\"height\":1197,\"width\":1600,\"orientation\":\"landscape\"}},\"imageMeta\":{\"aperture\":\"0\",\"credit\":\"\",\"camera\":\"\",\"caption\":\"\",\"created_timestamp\":\"0\",\"copyright\":\"\",\"focal_length\":\"0\",\"iso\":\"0\",\"shutter_speed\":\"0\",\"title\":\"\",\"orientation\":\"0\",\"keywords\":[]},\"meta\":false,\"postlink\":\"https:\/\/webnemji.azurewebsites.net\/?attachment_id=32296\"},{\"id\":32295,\"title\":\"aktu2\",\"url\":\"\/wp-content\/uploads\/2024\/12\/aktu2.jpg\",\"link\":\"https:\/\/webnemji.azurewebsites.net\/?attachment_id=32295\",\"alt\":\"\",\"description\":\"\",\"caption\":\"\",\"mime\":\"image\/jpeg\",\"type\":\"image\",\"width\":1770,\"height\":2278,\"sizes\":{\"thumbnail\":{\"height\":150,\"width\":150,\"url\":\"\/wp-content\/uploads\/2024\/12\/aktu2-150x150.jpg\",\"orientation\":\"landscape\"},\"medium\":{\"height\":300,\"width\":233,\"url\":\"\/wp-content\/uploads\/2024\/12\/aktu2-233x300.jpg\",\"orientation\":\"portrait\"},\"large\":{\"height\":1024,\"width\":796,\"url\":\"\/wp-content\/uploads\/2024\/12\/aktu2-796x1024.jpg\",\"orientation\":\"portrait\"},\"full\":{\"url\":\"\/wp-content\/uploads\/2024\/12\/aktu2.jpg\",\"height\":2278,\"width\":1770,\"orientation\":\"portrait\"}},\"imageMeta\":{\"aperture\":\"0\",\"credit\":\"\",\"camera\":\"\",\"caption\":\"\",\"created_timestamp\":\"0\",\"copyright\":\"\",\"focal_length\":\"0\",\"iso\":\"0\",\"shutter_speed\":\"0\",\"title\":\"\",\"orientation\":\"0\",\"keywords\":[]},\"meta\":false,\"postlink\":\"https:\/\/webnemji.azurewebsites.net\/?attachment_id=32295\"}],\"useClobalSettings\":true,\"shareFacebook\":false,\"shareTwitter\":false,\"sharePinterest\":false,\"sliderItemDownload\":false,\"shareCopyLink\":false,\"sliderItemTitleEnable\":true,\"sliderItemTitleFontSize\":16,\"sliderSlideshow\":false,\"sliderSlideshowDelay\":6,\"sliderSocialShareEnabled\":false,\"TrpContentRestriction\":{\"restriction_type\":\"exclude\",\"selected_languages\":[],\"panel_open\":true},\"itemsMetaDataCollection\":[]}<\/script><script>(function(){if(window.PGC_SGB && window.PGC_SGB.searcher){window.PGC_SGB.searcher.initBlocks()}})()<\/script><\/div>\n<\/div>\n<div class=\"cmsmasters_text\">\n<p>&nbsp;<\/p>\n<\/div>\n<div id=\"cmsmasters_divider_s8rl0slo4r\" class=\"cmsmasters_divider cmsmasters_divider_width_long cmsmasters_divider_pos_center\"><\/div>\n<div id=\"cmsmasters_button_m9j7eykyp\" class=\"button_wrap\"><a href=\"\/aktuality\/\" class=\"cmsmasters_button all-news-btn\"><span>V\u0161echny aktuality\u00a0\u00a0\u271a<\/span><\/a><\/div>\n<div class=\"cmsmasters_sidebar sidebar_layout_11 post-custom-sidebar\"><aside id=\"block-12\" class=\"widget widget_block\"><div class='pt-cv-wrapper'> <h3 class='pt-cv-heading-container heading1' data-blockid='fysa6n9v'><span class='pt-cv-heading'> Posledn\u00ed aktuality <\/span><\/h3><div class=\"pt-cv-view pt-cv-blockgrid iscvblock iscvreal grid1 layout1\" id=\"pt-cv-view-fysa6n9v\"><div data-id=\"pt-cv-page-1\" class=\"pt-cv-page\" data-cvc=\"5\"><div class=\" pt-cv-content-item pt-cv-1-col\" ><div class=\"pt-cv-thumb-wrapper  \"><a href=\"https:\/\/www.nemji.cz\/en\/pece-o-jizvu-po-cisarskem-rezu-zasadne-ovlivnuje-hojeni-i-funkci-tela-upozornuji-odbornici\/\" class=\"_self pt-cv-href-thumbnail pt-cv-thumb-default\" target=\"_self\" ><img loading=\"lazy\" decoding=\"async\" width=\"580\" height=\"400\" src=\"\/wp-content\/uploads\/2026\/04\/jizva_tit-580x400.jpg\" class=\"pt-cv-thumbnail\" alt=\"jizva po c\u00edsa\u0159sk\u00e9m porodu\" \/><\/a><\/div>\n<h5 class=\"pt-cv-title\"><a href=\"https:\/\/www.nemji.cz\/en\/pece-o-jizvu-po-cisarskem-rezu-zasadne-ovlivnuje-hojeni-i-funkci-tela-upozornuji-odbornici\/\" class=\"_self\" target=\"_self\" >P\u00e9\u010de o jizvu po c\u00edsa\u0159sk\u00e9m \u0159ezu z\u00e1sadn\u011b ovliv\u0148uje hojen\u00ed i funkci t\u011bla, upozor\u0148uj\u00ed odborn\u00edci<\/a><\/h5>\n<div class=\"pt-cv-content\">Mamink\u00e1m v jihlavsk\u00e9 porodnici rad\u00ed s p\u00e9\u010d\u00ed o jizvu zdravotn\u00edci, ...<\/div>\n<div class=\"pt-cv-rmwrap\"><a href=\"https:\/\/www.nemji.cz\/en\/pece-o-jizvu-po-cisarskem-rezu-zasadne-ovlivnuje-hojeni-i-funkci-tela-upozornuji-odbornici\/\" class=\"_self pt-cv-readmore btn btn-success\" target=\"_self\" >P\u0159e\u010d\u00edst\u00a0\u00a0\u271a<\/a><\/div><\/div>\n<div class=\" pt-cv-content-item pt-cv-1-col\" ><div class=\"pt-cv-thumb-wrapper  \"><a href=\"https:\/\/www.nemji.cz\/en\/hledame-nove-kolegy-na-urgentni-prijem\/\" class=\"_self pt-cv-href-thumbnail pt-cv-thumb-default\" target=\"_self\" ><img loading=\"lazy\" decoding=\"async\" width=\"580\" height=\"400\" src=\"\/wp-content\/uploads\/2026\/04\/fyzik-580x400.jpg\" class=\"pt-cv-thumbnail\" alt=\"radiologick\u00fd fyzik\" \/><\/a><\/div>\n<h5 class=\"pt-cv-title\"><a href=\"https:\/\/www.nemji.cz\/en\/hledame-nove-kolegy-na-urgentni-prijem\/\" class=\"_self\" target=\"_self\" >Hled\u00e1me nov\u00e9ho kolegu &#8211; Radiologick\u00e9ho fyzika<\/a><\/h5>\n<div class=\"pt-cv-content\">Nemocnice Jihlava hled\u00e1 radiologick\u00e9ho fyzika na Onkologick\u00e9 odd\u011blen\u00ed ...<\/div>\n<div class=\"pt-cv-rmwrap\"><a href=\"https:\/\/www.nemji.cz\/en\/hledame-nove-kolegy-na-urgentni-prijem\/\" class=\"_self pt-cv-readmore btn btn-success\" target=\"_self\" >P\u0159e\u010d\u00edst\u00a0\u00a0\u271a<\/a><\/div><\/div>\n<div class=\" pt-cv-content-item pt-cv-1-col\" ><div class=\"pt-cv-thumb-wrapper  \"><a href=\"https:\/\/www.nemji.cz\/en\/youtuber-jan-hanko-patologie\/\" class=\"_self pt-cv-href-thumbnail pt-cv-thumb-default\" target=\"_self\" ><img loading=\"lazy\" decoding=\"async\" width=\"580\" height=\"400\" src=\"\/wp-content\/uploads\/2026\/03\/pat_uvod-580x400.jpg\" class=\"pt-cv-thumbnail\" alt=\"pat\" \/><\/a><\/div>\n<h5 class=\"pt-cv-title\"><a href=\"https:\/\/www.nemji.cz\/en\/youtuber-jan-hanko-patologie\/\" class=\"_self\" target=\"_self\" >Nov\u00e9 video z Nemocnice Jihlava: Youtuber Jan Hanko nav\u0161t\u00edvil patologii<\/a><\/h5>\n<div class=\"pt-cv-content\">Nemocnice Jihlava pokra\u010duje v p\u0159ibli\u017eov\u00e1n\u00ed sv\u00e9 pr\u00e1ce ve\u0159ejnosti prost\u0159ednictv\u00edm vide\u00ed ...<\/div>\n<div class=\"pt-cv-rmwrap\"><a href=\"https:\/\/www.nemji.cz\/en\/youtuber-jan-hanko-patologie\/\" class=\"_self pt-cv-readmore btn btn-success\" target=\"_self\" >P\u0159e\u010d\u00edst\u00a0\u00a0\u271a<\/a><\/div><\/div>\n<div class=\" pt-cv-content-item pt-cv-1-col\" ><div class=\"pt-cv-thumb-wrapper  \"><a href=\"https:\/\/www.nemji.cz\/en\/cely-den-plny-inspirace-sdileni-zkusenosti-a-novych-poznatku\/\" class=\"_self pt-cv-href-thumbnail pt-cv-thumb-default\" target=\"_self\" ><img loading=\"lazy\" decoding=\"async\" width=\"580\" height=\"400\" src=\"\/wp-content\/uploads\/2026\/04\/cab14d43-68bd-4032-a667-c06927ca2631-580x400.jpg\" class=\"pt-cv-thumbnail\" alt=\"konference\" \/><\/a><\/div>\n<h5 class=\"pt-cv-title\"><a href=\"https:\/\/www.nemji.cz\/en\/cely-den-plny-inspirace-sdileni-zkusenosti-a-novych-poznatku\/\" class=\"_self\" target=\"_self\" >Cel\u00fd den pln\u00fd inspirace, sd\u00edlen\u00ed zku\u0161enost\u00ed a nov\u00fdch poznatk\u016f.<\/a><\/h5>\n<div class=\"pt-cv-content\">Konference \u201eSou\u010dasn\u00e9 trendy v o\u0161et\u0159ovatelstv\u00ed v Nemocnici Jihlava V. \u2026aneb ...<\/div>\n<div class=\"pt-cv-rmwrap\"><a href=\"https:\/\/www.nemji.cz\/en\/cely-den-plny-inspirace-sdileni-zkusenosti-a-novych-poznatku\/\" class=\"_self pt-cv-readmore btn btn-success\" target=\"_self\" >P\u0159e\u010d\u00edst\u00a0\u00a0\u271a<\/a><\/div><\/div>\n<div class=\" pt-cv-content-item pt-cv-1-col\" ><div class=\"pt-cv-thumb-wrapper  \"><a href=\"https:\/\/www.nemji.cz\/en\/zdravotnici-jako-filmari-v-jihlave-vznikl-unikatni-film-ze-zakulisi-infekcniho-oddeleni\/\" class=\"_self pt-cv-href-thumbnail pt-cv-thumb-default\" target=\"_self\" ><img loading=\"lazy\" decoding=\"async\" width=\"580\" height=\"400\" src=\"\/wp-content\/uploads\/2026\/04\/Premiera-24-hodin-580x400.jpg\" class=\"pt-cv-thumbnail\" alt=\"premi\u00e9ra 24h\" \/><\/a><\/div>\n<h5 class=\"pt-cv-title\"><a href=\"https:\/\/www.nemji.cz\/en\/zdravotnici-jako-filmari-v-jihlave-vznikl-unikatni-film-ze-zakulisi-infekcniho-oddeleni\/\" class=\"_self\" target=\"_self\" >Zdravotn\u00edci jako filma\u0159i: v Jihlav\u011b vznikl unik\u00e1tn\u00ed film ze z\u00e1kulis\u00ed infek\u010dn\u00edho odd\u011blen\u00ed<\/a><\/h5>\n<div class=\"pt-cv-content\">Infek\u010dn\u00ed odd\u011blen\u00ed Nemocnice Jihlava p\u0159i\u0161lo s netradi\u010dn\u00edm n\u00e1padem ...<\/div>\n<div class=\"pt-cv-rmwrap\"><a href=\"https:\/\/www.nemji.cz\/en\/zdravotnici-jako-filmari-v-jihlave-vznikl-unikatni-film-ze-zakulisi-infekcniho-oddeleni\/\" class=\"_self pt-cv-readmore btn btn-success\" target=\"_self\" >P\u0159e\u010d\u00edst\u00a0\u00a0\u271a<\/a><\/div><\/div><\/div><\/div> <\/div> <style>\n\n#pt-cv-view-fysa6n9v .pt-cv-content-item { border-style: none;border-radius: 0px 0px 0px 0px; }#pt-cv-view-fysa6n9v .pt-cv-meta-fields {  }#pt-cv-view-fysa6n9v .pt-cv-meta-fields * { font-size: 13px; }.pt-cv-heading-container[data-blockid=\"fysa6n9v\"] {  }.pt-cv-heading-container[data-blockid=\"fysa6n9v\"] * { color: #003c56;font-weight: 600;font-size: 16px; }#pt-cv-view-fysa6n9v .pt-cv-thumb-wrapper {  }#pt-cv-view-fysa6n9v[class*=\"cveffect\"] .pt-cv-thumb-wrapper, #pt-cv-view-fysa6n9v:not([class*=\"cveffect\"]) .pt-cv-thumbnail { border-radius: 20px 20px 20px 20px; }#pt-cv-view-fysa6n9v .pt-cv-thumbnail {  }#pt-cv-view-fysa6n9v .pt-cv-title a { display: block;color: #003c56; }#pt-cv-view-fysa6n9v .pt-cv-title:not(.pt-cv-titlesm) a { font-weight: 600;text-decoration: none;font-size: 15px; }#pt-cv-view-fysa6n9v .pt-cv-titlesm a { font-weight: 600;font-size: 18px; }#pt-cv-view-fysa6n9v .pt-cv-content { font-size: 14px; }#pt-cv-view-fysa6n9v .pt-cv-rmwrap {  }#pt-cv-view-fysa6n9v .pt-cv-readmore { color: #4f5a61;background-color: #edf0f2;font-size: 14px;border-radius: 10px 10px 10px 10px; }#pt-cv-view-fysa6n9v .pt-cv-taxoterm {  }#pt-cv-view-fysa6n9v .pt-cv-taxoterm * { color: #222;background-color: #fff6f6;font-size: 14px; }#pt-cv-view-fysa6n9v + .pt-cv-pagination-wrapper {  }#pt-cv-view-fysa6n9v + .pt-cv-pagination-wrapper a { font-size: 14px; }#pt-cv-view-fysa6n9v > .pt-cv-page {grid-template-columns: repeat(5, 1fr);grid-gap: 20px;}#pt-cv-view-fysa6n9v .pt-cv-title a:hover { color: #bf311f; }#pt-cv-view-fysa6n9v .pt-cv-title:not(.pt-cv-titlesm) a:hover {  }#pt-cv-view-fysa6n9v .pt-cv-rmwrap:hover {  }#pt-cv-view-fysa6n9v .pt-cv-readmore:hover { color: #ffffff;background-color: #bf311f; }\n@media all and (max-width: 1024px) { \n#pt-cv-view-fysa6n9v > .pt-cv-page {grid-template-columns: repeat(3, 1fr);grid-gap: 15px;}\n} \n@media all and (max-width: 767px) { \n#pt-cv-view-fysa6n9v > .pt-cv-page {grid-template-columns: repeat(1, 1fr);grid-gap: 10px;}\n} <\/style><\/aside><div class=\"cl\"><\/div>\n<\/div>\n<\/div><\/div>\n<\/div>\n<\/div>\n<\/div>\n<\/div>\n<\/div>\n\n","protected":false},"excerpt":{"rendered":"<p>Nemocni\u010dn\u00ed t\u00fdm pro c\u00e9vn\u00ed vstupy. To je n\u00e1zev skupiny zdravotn\u00edk\u016f, kter\u00e1 pom\u00e1h\u00e1 p\u0159edev\u0161\u00edm onkologick\u00fdm pacient\u016fm nebo nap\u0159. t\u011bm, kte\u0159\u00ed jsou dlouhodob\u011b na terapii antibiotik \u010di pacient\u016fm vy\u017eaduj\u00edc\u00ed intenzivn\u00ed p\u00e9\u010di.<\/p>","protected":false},"author":5,"featured_media":32295,"comment_status":"closed","ping_status":"closed","sticky":false,"template":"","format":"standard","meta":{"pgc_sgb_lightbox_settings":"","footnotes":"","_links_to":"","_links_to_target":""},"categories":[49],"tags":[],"class_list":["post-32293","post","type-post","status-publish","format-standard","has-post-thumbnail","hentry","category-aktuality"],"publishpress_future_action":{"enabled":false,"date":"2026-05-09 07:15:28","action":"change-status","newStatus":"trash","terms":[],"taxonomy":"category","extraData":[]},"publishpress_future_workflow_manual_trigger":{"enabledWorkflows":[]},"_links":{"self":[{"href":"https:\/\/www.nemji.cz\/en\/wp-json\/wp\/v2\/posts\/32293","targetHints":{"allow":["GET"]}}],"collection":[{"href":"https:\/\/www.nemji.cz\/en\/wp-json\/wp\/v2\/posts"}],"about":[{"href":"https:\/\/www.nemji.cz\/en\/wp-json\/wp\/v2\/types\/post"}],"author":[{"embeddable":true,"href":"https:\/\/www.nemji.cz\/en\/wp-json\/wp\/v2\/users\/5"}],"replies":[{"embeddable":true,"href":"https:\/\/www.nemji.cz\/en\/wp-json\/wp\/v2\/comments?post=32293"}],"version-history":[{"count":0,"href":"https:\/\/www.nemji.cz\/en\/wp-json\/wp\/v2\/posts\/32293\/revisions"}],"wp:featuredmedia":[{"embeddable":true,"href":"https:\/\/www.nemji.cz\/en\/wp-json\/wp\/v2\/media\/32295"}],"wp:attachment":[{"href":"https:\/\/www.nemji.cz\/en\/wp-json\/wp\/v2\/media?parent=32293"}],"wp:term":[{"taxonomy":"category","embeddable":true,"href":"https:\/\/www.nemji.cz\/en\/wp-json\/wp\/v2\/categories?post=32293"},{"taxonomy":"post_tag","embeddable":true,"href":"https:\/\/www.nemji.cz\/en\/wp-json\/wp\/v2\/tags?post=32293"}],"curies":[{"name":"wp","href":"https:\/\/api.w.org\/{rel}","templated":true}]}}