{"id":33742,"date":"2025-07-22T11:28:44","date_gmt":"2025-07-22T09:28:44","guid":{"rendered":"https:\/\/webnemji.azurewebsites.net\/?p=33742"},"modified":"2025-07-24T13:24:56","modified_gmt":"2025-07-24T11:24:56","slug":"nemocnice-jihlava-otevrela-na-porodnici-druhy-rodinny-pokoj","status":"publish","type":"post","link":"https:\/\/www.nemji.cz\/en\/nemocnice-jihlava-otevrela-na-porodnici-druhy-rodinny-pokoj\/","title":{"rendered":"Nemocnice Jihlava otev\u0159ela na porodnici druh\u00fd rodinn\u00fd pokoj"},"content":{"rendered":"<div id=\"cmsmasters_row_\" class=\"cmsmasters_row cmsmasters_color_scheme_default cmsmasters_row_top_default cmsmasters_row_bot_default cmsmasters_row_boxed\">\n<div class=\"cmsmasters_row_outer_parent\">\n<div class=\"cmsmasters_row_outer\">\n<div class=\"cmsmasters_row_inner\">\n<div class=\"cmsmasters_row_margin\">\n<div id=\"cmsmasters_column_\" class=\"cmsmasters_column one_first\">\n<div class=\"cmsmasters_column_inner\"><div class=\"cmsmasters_text\">\n<p style=\"text-align: left;\"><nav aria-label=\"breadcrumbs\">\n            <div class=\"breadcrumb-container theme1\">\n                <ol>\n                                    <\/ol>\n            <\/div>\n        <\/nav>    <script type=\"application\/ld+json\">\n        {\n            \"@context\": \"http:\/\/schema.org\",\n            \"@type\": \"BreadcrumbList\",\n            \"itemListElement\": [\n                            ]\n        }\n    <\/script>\n   \n    <script>\n            <\/script>\n<\/p>\n<\/div>\n<div id=\"cmsmasters_divider_1sk6yyldai\" class=\"cmsmasters_divider cmsmasters_divider_width_short cmsmasters_divider_pos_center\"><\/div>\n<div class=\"cmsmasters_text news-content-anot\">\n<p>St\u00e1le v nemocnici, ale jako doma v lo\u017enici. Tak si mohou p\u0159ipadat rodi\u010de v nov\u011b upraven\u00e9m rodinn\u00e9m pokoji na odd\u011blen\u00ed \u0161estined\u011bl\u00ed. Nemocni\u010dn\u00ed l\u016f\u017eko nahradila man\u017eelsk\u00e1 postel, kde je dostatek m\u00edsta nejen pro maminku, ale i pro tat\u00ednka. Porodnice nab\u00eddla mamink\u00e1m u\u017e druh\u00fd takov\u00fd pokoj. Po\u0159\u00edzen\u00ed bylo mo\u017en\u00e9 d\u00edky d\u00e1rc\u016fm.<\/p>\n<\/div>\n<div class=\"cmsmasters_text news-content\">\n<p>\u201eV\u00edme, \u017ee pro maminku po porodu je d\u016fle\u017eit\u00e9 c\u00edtit se pohodln\u011b. S tat\u00ednkem tr\u00e1v\u00ed prvn\u00ed spole\u010dn\u00e9 chv\u00edle s miminkem. Rodinn\u00fdmi pokoji se sna\u017e\u00edme navodit dom\u00e1c\u00ed atmosf\u00e9ru se z\u00e1zem\u00edm profesion\u00e1ln\u00edch zdravotn\u00edk\u016f,\u201c \u0159\u00edk\u00e1 prim\u00e1\u0159ka gynekologicko-porodnick\u00e9ho odd\u011blen\u00ed Petra Herboltov\u00e1.<\/p>\n<p>Nov\u011b jsou na odd\u011blen\u00ed k dispozici u\u017e dva rodinn\u00e9 pokoje. Zvelebit a vybavit je pomohli d\u00e1rci: \u201ePekli jsme a prod\u00e1vali kol\u00e1\u010dky, v\u011bt\u0161inu z nich si nakoupili kolegov\u00e9 tady v nemocnici,\u201c \u0159\u00edk\u00e1 l\u00e9ka\u0159ka a autorka projektu Monika Stretavsk\u00e1. Pokoje jsou vybaven\u00e9 nov\u00fdmi postelemi, povle\u010den\u00edm, p\u0159ebalovac\u00edmi pulty, obm\u011bnou pro\u0161el i dal\u0161\u00ed n\u00e1bytek.<\/p>\n<p>Jihlavsk\u00e1 nemocnice je vyhled\u00e1van\u00e1 rodi\u010dkami nejenom z Vyso\u010diny, ale i z dal\u0161\u00edch kraj\u016f. Porody zde absolvuj\u00ed \u017eeny nap\u0159\u00edklad z Vrchlab\u00ed, Olomouce, \u010cesk\u00e9 L\u00edpy a dal\u0161\u00edch vzd\u00e1len\u00fdch m\u011bst. Celkov\u011b 25 % maminek m\u00e1 trval\u00e9 bydli\u0161t\u011b mimo okres Jihlava. Letos se zat\u00edm narodilo v Jihlav\u011b 591 d\u011bt\u00ed.<\/p>\n<p>Krom\u011b rodinn\u00fdch pokoj\u016f se maminky mohou t\u011b\u0161it z dal\u0161\u00edch v\u011bc\u00ed, d\u00edky kter\u00fdm je jihlavsk\u00e1 porodnice vyhled\u00e1vanou &#8211; individu\u00e1ln\u00ed p\u00e9\u010de porodn\u00ed asistentkou, osobn\u00ed konzultace porodn\u00edho pl\u00e1nu, mo\u017enost online rezervace term\u00edn\u016f na p\u0159edporodn\u00ed cvi\u010den\u00ed a jednor\u00e1zov\u00e9 kurzy, po\u0159\u00edzen\u00fd porodn\u00ed gau\u010d i bufetov\u00e1 strava s mo\u017enost\u00ed volby j\u00eddel podle chuti. \u201eSna\u017e\u00edme se neust\u00e1le zlep\u0161ovat a p\u0159ich\u00e1zet s nov\u00fdmi slu\u017ebami, aby se maminky u n\u00e1s c\u00edtily co nejl\u00e9pe a m\u011bly k dispozici modern\u00ed a vst\u0159\u00edcn\u00e9 prost\u0159ed\u00ed pro jeden z nejd\u016fle\u017eit\u011bj\u0161\u00edch okam\u017eik\u016f v \u017eivot\u011b,\u201c dod\u00e1v\u00e1 prim\u00e1\u0159ka Petra Herboltov\u00e1.<\/p>\n<p><b><span class=\"fontColorThemeDarkAlt\" style=\"color: #003c56;\"><br \/>\nNemocnice Jihlava<\/span>\u00a0<\/b><b>|<\/b><b>\u00a0<\/b><span class=\"fontColorThemePrimary\" style=\"color: #bf311f;\"><b>Va\u0161e nemocnice<\/b><\/span><\/p>\n<p>&nbsp;<\/p>\n<p style=\"text-align: center;\"><div class=\"pgc-sgb-cb wp-block-pgcsimplygalleryblock-grid \" data-gallery-id=\"39b88783\"><div class=\"sgb-preloader\" id=\"pr_39b88783\">\n\t<div class=\"sgb-square\" style=\"background:#d4d4d4\"><\/div>\n\t<div class=\"sgb-square\" style=\"background:#d4d4d4\"><\/div>\n\t<div class=\"sgb-square\" style=\"background:#d4d4d4\"><\/div>\n\t<div class=\"sgb-square\" style=\"background:#d4d4d4\"><\/div><\/div><div class=\"simply-gallery-amp pgc_sgb_slider \"><noscript><div class=\"sgb-gallery\"><div class=\"sgb-item\"><a href=\"\/wp-content\/uploads\/2025\/07\/Rodinny-pokoj-scaled.jpg\"><img decoding=\"async\" alt=\"\" width=\"225\" height=\"300\" loading=\"lazy\" src=\"\/wp-content\/uploads\/2025\/07\/Rodinny-pokoj-225x300.jpg\" srcset=\"\/wp-content\/uploads\/2025\/07\/Rodinny-pokoj-225x300.jpg 225w,\/wp-content\/uploads\/2025\/07\/Rodinny-pokoj-768x1024.jpg 768w,\/wp-content\/uploads\/2025\/07\/Rodinny-pokoj-scaled.jpg 1920w\" sizes=\"auto, 250px\"\/><\/a><\/div><div class=\"sgb-item\"><a href=\"\/wp-content\/uploads\/2025\/07\/Rodinny-pokoj-1-scaled.jpg\"><img decoding=\"async\" alt=\"\" width=\"225\" height=\"300\" loading=\"lazy\" src=\"\/wp-content\/uploads\/2025\/07\/Rodinny-pokoj-1-225x300.jpg\" srcset=\"\/wp-content\/uploads\/2025\/07\/Rodinny-pokoj-1-225x300.jpg 225w,\/wp-content\/uploads\/2025\/07\/Rodinny-pokoj-1-768x1024.jpg 768w,\/wp-content\/uploads\/2025\/07\/Rodinny-pokoj-1-scaled.jpg 1920w\" sizes=\"auto, 250px\"\/><\/a><\/div><div class=\"sgb-item\"><a href=\"\/wp-content\/uploads\/2025\/07\/Rodinny-pokoj-2-scaled.jpg\"><img decoding=\"async\" alt=\"\" width=\"225\" height=\"300\" loading=\"lazy\" src=\"\/wp-content\/uploads\/2025\/07\/Rodinny-pokoj-2-225x300.jpg\" srcset=\"\/wp-content\/uploads\/2025\/07\/Rodinny-pokoj-2-225x300.jpg 225w,\/wp-content\/uploads\/2025\/07\/Rodinny-pokoj-2-768x1024.jpg 768w,\/wp-content\/uploads\/2025\/07\/Rodinny-pokoj-2-scaled.jpg 1920w\" sizes=\"auto, 250px\"\/><\/a><\/div><\/div><\/noscript><\/div><script type=\"application\/json\" class=\"sgb-data\">{\"collectionColumns\":4,\"thumbHieghtRation\":0.8,\"thumbSpacing\":10,\"thumbMobileSpacing\":10,\"externalLink\":false,\"captions\":false,\"captionHAlign\":\"bottom\",\"collectionthumbHoverTitleFontSize\":16,\"collectionthumbRoundedCorners\":20,\"collectionThumbSubMenuDownload\":false,\"collectionThumbSubMenuShare\":false,\"galleryType\":\"pgc_sgb_grid\",\"galleryId\":\"39b88783\",\"images\":[{\"id\":33745,\"title\":\"Rodinn\u00fd pokoj\",\"url\":\"\/wp-content\/uploads\/2025\/07\/Rodinny-pokoj-scaled.jpg\",\"link\":\"https:\/\/webnemji.azurewebsites.net\/?attachment_id=33745\",\"alt\":\"\",\"description\":\"\",\"caption\":\"\",\"mime\":\"image\/jpeg\",\"type\":\"image\",\"width\":1920,\"height\":2560,\"sizes\":{\"thumbnail\":{\"height\":150,\"width\":150,\"url\":\"\/wp-content\/uploads\/2025\/07\/Rodinny-pokoj-150x150.jpg\",\"orientation\":\"landscape\"},\"medium\":{\"height\":300,\"width\":225,\"url\":\"\/wp-content\/uploads\/2025\/07\/Rodinny-pokoj-225x300.jpg\",\"orientation\":\"portrait\"},\"large\":{\"height\":1024,\"width\":768,\"url\":\"\/wp-content\/uploads\/2025\/07\/Rodinny-pokoj-768x1024.jpg\",\"orientation\":\"portrait\"},\"full\":{\"url\":\"\/wp-content\/uploads\/2025\/07\/Rodinny-pokoj-scaled.jpg\",\"height\":2560,\"width\":1920,\"orientation\":\"portrait\"}},\"imageMeta\":{\"aperture\":\"1.6\",\"credit\":\"\",\"camera\":\"iPhone 15\",\"caption\":\"\",\"created_timestamp\":\"1752574957\",\"copyright\":\"\",\"focal_length\":\"5.96\",\"iso\":\"40\",\"shutter_speed\":\"0.0066225165562914\",\"title\":\"\",\"orientation\":1,\"keywords\":[]},\"meta\":false},{\"id\":33746,\"title\":\"Rodinn\u00fd pokoj 1\",\"url\":\"\/wp-content\/uploads\/2025\/07\/Rodinny-pokoj-1-scaled.jpg\",\"link\":\"https:\/\/webnemji.azurewebsites.net\/?attachment_id=33746\",\"alt\":\"\",\"description\":\"\",\"caption\":\"\",\"mime\":\"image\/jpeg\",\"type\":\"image\",\"width\":1920,\"height\":2560,\"sizes\":{\"thumbnail\":{\"height\":150,\"width\":150,\"url\":\"\/wp-content\/uploads\/2025\/07\/Rodinny-pokoj-1-150x150.jpg\",\"orientation\":\"landscape\"},\"medium\":{\"height\":300,\"width\":225,\"url\":\"\/wp-content\/uploads\/2025\/07\/Rodinny-pokoj-1-225x300.jpg\",\"orientation\":\"portrait\"},\"large\":{\"height\":1024,\"width\":768,\"url\":\"\/wp-content\/uploads\/2025\/07\/Rodinny-pokoj-1-768x1024.jpg\",\"orientation\":\"portrait\"},\"full\":{\"url\":\"\/wp-content\/uploads\/2025\/07\/Rodinny-pokoj-1-scaled.jpg\",\"height\":2560,\"width\":1920,\"orientation\":\"portrait\"}},\"imageMeta\":{\"aperture\":\"1.6\",\"credit\":\"\",\"camera\":\"iPhone 15\",\"caption\":\"\",\"created_timestamp\":\"1752575012\",\"copyright\":\"\",\"focal_length\":\"5.96\",\"iso\":\"50\",\"shutter_speed\":\"0.0035971223021583\",\"title\":\"\",\"orientation\":1,\"keywords\":[]},\"meta\":false},{\"id\":33743,\"title\":\"Rodinn\u00fd pokoj 2\",\"url\":\"\/wp-content\/uploads\/2025\/07\/Rodinny-pokoj-2-scaled.jpg\",\"link\":\"https:\/\/webnemji.azurewebsites.net\/?attachment_id=33743\",\"alt\":\"\",\"description\":\"\",\"caption\":\"\",\"mime\":\"image\/jpeg\",\"type\":\"image\",\"width\":1920,\"height\":2560,\"sizes\":{\"thumbnail\":{\"height\":150,\"width\":150,\"url\":\"\/wp-content\/uploads\/2025\/07\/Rodinny-pokoj-2-150x150.jpg\",\"orientation\":\"landscape\"},\"medium\":{\"height\":300,\"width\":225,\"url\":\"\/wp-content\/uploads\/2025\/07\/Rodinny-pokoj-2-225x300.jpg\",\"orientation\":\"portrait\"},\"large\":{\"height\":1024,\"width\":768,\"url\":\"\/wp-content\/uploads\/2025\/07\/Rodinny-pokoj-2-768x1024.jpg\",\"orientation\":\"portrait\"},\"full\":{\"url\":\"\/wp-content\/uploads\/2025\/07\/Rodinny-pokoj-2-scaled.jpg\",\"height\":2560,\"width\":1920,\"orientation\":\"portrait\"}},\"imageMeta\":{\"aperture\":\"1.6\",\"credit\":\"\",\"camera\":\"iPhone 15\",\"caption\":\"\",\"created_timestamp\":\"1752575120\",\"copyright\":\"\",\"focal_length\":\"5.96\",\"iso\":\"100\",\"shutter_speed\":\"0.016666666666667\",\"title\":\"\",\"orientation\":1,\"keywords\":[]},\"meta\":false}],\"shareFacebook\":false,\"shareTwitter\":false,\"sharePinterest\":false,\"sliderItemDownload\":false,\"shareCopyLink\":false,\"sliderItemTitleFontSize\":16,\"sliderSlideshow\":false,\"sliderSlideshowDelay\":6,\"sliderSocialShareEnabled\":false,\"TrpContentRestriction\":{\"restriction_type\":\"exclude\",\"selected_languages\":[],\"panel_open\":true},\"itemsMetaDataCollection\":[]}<\/script><script>(function(){if(window.PGC_SGB && window.PGC_SGB.searcher){window.PGC_SGB.searcher.initBlocks()}})()<\/script><\/div>\n<\/div>\n<div id=\"cmsmasters_divider_s8rl0slo4r\" class=\"cmsmasters_divider cmsmasters_divider_width_long cmsmasters_divider_pos_center\"><\/div>\n<div id=\"cmsmasters_button_m9j7eykyp\" class=\"button_wrap\"><a href=\"\/aktuality\/\" class=\"cmsmasters_button all-news-btn\"><span>V\u0161echny aktuality\u00a0\u00a0\u271a<\/span><\/a><\/div>\n<div class=\"cmsmasters_sidebar sidebar_layout_11 post-custom-sidebar\"><aside id=\"block-12\" class=\"widget widget_block\"><div class='pt-cv-wrapper'> <h3 class='pt-cv-heading-container heading1' data-blockid='fysa6n9v'><span class='pt-cv-heading'> Posledn\u00ed aktuality <\/span><\/h3><div class=\"pt-cv-view pt-cv-blockgrid iscvblock iscvreal grid1 layout1\" id=\"pt-cv-view-fysa6n9v\"><div data-id=\"pt-cv-page-1\" class=\"pt-cv-page\" data-cvc=\"5\"><div class=\" pt-cv-content-item pt-cv-1-col\" ><div class=\"pt-cv-thumb-wrapper  \"><a href=\"https:\/\/www.nemji.cz\/en\/pece-o-jizvu-po-cisarskem-rezu-zasadne-ovlivnuje-hojeni-i-funkci-tela-upozornuji-odbornici\/\" class=\"_self pt-cv-href-thumbnail pt-cv-thumb-default\" target=\"_self\" ><img loading=\"lazy\" decoding=\"async\" width=\"580\" height=\"400\" src=\"\/wp-content\/uploads\/2026\/04\/jizva_tit-580x400.jpg\" class=\"pt-cv-thumbnail\" alt=\"jizva po c\u00edsa\u0159sk\u00e9m porodu\" \/><\/a><\/div>\n<h5 class=\"pt-cv-title\"><a href=\"https:\/\/www.nemji.cz\/en\/pece-o-jizvu-po-cisarskem-rezu-zasadne-ovlivnuje-hojeni-i-funkci-tela-upozornuji-odbornici\/\" class=\"_self\" target=\"_self\" >P\u00e9\u010de o jizvu po c\u00edsa\u0159sk\u00e9m \u0159ezu z\u00e1sadn\u011b ovliv\u0148uje hojen\u00ed i funkci t\u011bla, upozor\u0148uj\u00ed odborn\u00edci<\/a><\/h5>\n<div class=\"pt-cv-content\">Mamink\u00e1m v jihlavsk\u00e9 porodnici rad\u00ed s p\u00e9\u010d\u00ed o jizvu zdravotn\u00edci, ...<\/div>\n<div class=\"pt-cv-rmwrap\"><a href=\"https:\/\/www.nemji.cz\/en\/pece-o-jizvu-po-cisarskem-rezu-zasadne-ovlivnuje-hojeni-i-funkci-tela-upozornuji-odbornici\/\" class=\"_self pt-cv-readmore btn btn-success\" target=\"_self\" >P\u0159e\u010d\u00edst\u00a0\u00a0\u271a<\/a><\/div><\/div>\n<div class=\" pt-cv-content-item pt-cv-1-col\" ><div class=\"pt-cv-thumb-wrapper  \"><a href=\"https:\/\/www.nemji.cz\/en\/hledame-nove-kolegy-na-urgentni-prijem\/\" class=\"_self pt-cv-href-thumbnail pt-cv-thumb-default\" target=\"_self\" ><img loading=\"lazy\" decoding=\"async\" width=\"580\" height=\"400\" src=\"\/wp-content\/uploads\/2026\/04\/fyzik-580x400.jpg\" class=\"pt-cv-thumbnail\" alt=\"radiologick\u00fd fyzik\" \/><\/a><\/div>\n<h5 class=\"pt-cv-title\"><a href=\"https:\/\/www.nemji.cz\/en\/hledame-nove-kolegy-na-urgentni-prijem\/\" class=\"_self\" target=\"_self\" >Hled\u00e1me nov\u00e9ho kolegu &#8211; Radiologick\u00e9ho fyzika<\/a><\/h5>\n<div class=\"pt-cv-content\">Nemocnice Jihlava hled\u00e1 radiologick\u00e9ho fyzika na Onkologick\u00e9 odd\u011blen\u00ed ...<\/div>\n<div class=\"pt-cv-rmwrap\"><a href=\"https:\/\/www.nemji.cz\/en\/hledame-nove-kolegy-na-urgentni-prijem\/\" class=\"_self pt-cv-readmore btn btn-success\" target=\"_self\" >P\u0159e\u010d\u00edst\u00a0\u00a0\u271a<\/a><\/div><\/div>\n<div class=\" pt-cv-content-item pt-cv-1-col\" ><div class=\"pt-cv-thumb-wrapper  \"><a href=\"https:\/\/www.nemji.cz\/en\/youtuber-jan-hanko-patologie\/\" class=\"_self pt-cv-href-thumbnail pt-cv-thumb-default\" target=\"_self\" ><img loading=\"lazy\" decoding=\"async\" width=\"580\" height=\"400\" src=\"\/wp-content\/uploads\/2026\/03\/pat_uvod-580x400.jpg\" class=\"pt-cv-thumbnail\" alt=\"pat\" \/><\/a><\/div>\n<h5 class=\"pt-cv-title\"><a href=\"https:\/\/www.nemji.cz\/en\/youtuber-jan-hanko-patologie\/\" class=\"_self\" target=\"_self\" >Nov\u00e9 video z Nemocnice Jihlava: Youtuber Jan Hanko nav\u0161t\u00edvil patologii<\/a><\/h5>\n<div class=\"pt-cv-content\">Nemocnice Jihlava pokra\u010duje v p\u0159ibli\u017eov\u00e1n\u00ed sv\u00e9 pr\u00e1ce ve\u0159ejnosti prost\u0159ednictv\u00edm vide\u00ed ...<\/div>\n<div class=\"pt-cv-rmwrap\"><a href=\"https:\/\/www.nemji.cz\/en\/youtuber-jan-hanko-patologie\/\" class=\"_self pt-cv-readmore btn btn-success\" target=\"_self\" >P\u0159e\u010d\u00edst\u00a0\u00a0\u271a<\/a><\/div><\/div>\n<div class=\" pt-cv-content-item pt-cv-1-col\" ><div class=\"pt-cv-thumb-wrapper  \"><a href=\"https:\/\/www.nemji.cz\/en\/cely-den-plny-inspirace-sdileni-zkusenosti-a-novych-poznatku\/\" class=\"_self pt-cv-href-thumbnail pt-cv-thumb-default\" target=\"_self\" ><img loading=\"lazy\" decoding=\"async\" width=\"580\" height=\"400\" src=\"\/wp-content\/uploads\/2026\/04\/cab14d43-68bd-4032-a667-c06927ca2631-580x400.jpg\" class=\"pt-cv-thumbnail\" alt=\"konference\" \/><\/a><\/div>\n<h5 class=\"pt-cv-title\"><a href=\"https:\/\/www.nemji.cz\/en\/cely-den-plny-inspirace-sdileni-zkusenosti-a-novych-poznatku\/\" class=\"_self\" target=\"_self\" >Cel\u00fd den pln\u00fd inspirace, sd\u00edlen\u00ed zku\u0161enost\u00ed a nov\u00fdch poznatk\u016f.<\/a><\/h5>\n<div class=\"pt-cv-content\">Konference \u201eSou\u010dasn\u00e9 trendy v o\u0161et\u0159ovatelstv\u00ed v Nemocnici Jihlava V. \u2026aneb ...<\/div>\n<div class=\"pt-cv-rmwrap\"><a href=\"https:\/\/www.nemji.cz\/en\/cely-den-plny-inspirace-sdileni-zkusenosti-a-novych-poznatku\/\" class=\"_self pt-cv-readmore btn btn-success\" target=\"_self\" >P\u0159e\u010d\u00edst\u00a0\u00a0\u271a<\/a><\/div><\/div>\n<div class=\" pt-cv-content-item pt-cv-1-col\" ><div class=\"pt-cv-thumb-wrapper  \"><a href=\"https:\/\/www.nemji.cz\/en\/zdravotnici-jako-filmari-v-jihlave-vznikl-unikatni-film-ze-zakulisi-infekcniho-oddeleni\/\" class=\"_self pt-cv-href-thumbnail pt-cv-thumb-default\" target=\"_self\" ><img loading=\"lazy\" decoding=\"async\" width=\"580\" height=\"400\" src=\"\/wp-content\/uploads\/2026\/04\/Premiera-24-hodin-580x400.jpg\" class=\"pt-cv-thumbnail\" alt=\"premi\u00e9ra 24h\" \/><\/a><\/div>\n<h5 class=\"pt-cv-title\"><a href=\"https:\/\/www.nemji.cz\/en\/zdravotnici-jako-filmari-v-jihlave-vznikl-unikatni-film-ze-zakulisi-infekcniho-oddeleni\/\" class=\"_self\" target=\"_self\" >Zdravotn\u00edci jako filma\u0159i: v Jihlav\u011b vznikl unik\u00e1tn\u00ed film ze z\u00e1kulis\u00ed infek\u010dn\u00edho odd\u011blen\u00ed<\/a><\/h5>\n<div class=\"pt-cv-content\">Infek\u010dn\u00ed odd\u011blen\u00ed Nemocnice Jihlava p\u0159i\u0161lo s netradi\u010dn\u00edm n\u00e1padem ...<\/div>\n<div class=\"pt-cv-rmwrap\"><a href=\"https:\/\/www.nemji.cz\/en\/zdravotnici-jako-filmari-v-jihlave-vznikl-unikatni-film-ze-zakulisi-infekcniho-oddeleni\/\" class=\"_self pt-cv-readmore btn btn-success\" target=\"_self\" >P\u0159e\u010d\u00edst\u00a0\u00a0\u271a<\/a><\/div><\/div><\/div><\/div> <\/div> <style>\n\n#pt-cv-view-fysa6n9v .pt-cv-content-item { border-style: none;border-radius: 0px 0px 0px 0px; }#pt-cv-view-fysa6n9v .pt-cv-meta-fields {  }#pt-cv-view-fysa6n9v .pt-cv-meta-fields * { font-size: 13px; }.pt-cv-heading-container[data-blockid=\"fysa6n9v\"] {  }.pt-cv-heading-container[data-blockid=\"fysa6n9v\"] * { color: #003c56;font-weight: 600;font-size: 16px; }#pt-cv-view-fysa6n9v .pt-cv-thumb-wrapper {  }#pt-cv-view-fysa6n9v[class*=\"cveffect\"] .pt-cv-thumb-wrapper, #pt-cv-view-fysa6n9v:not([class*=\"cveffect\"]) .pt-cv-thumbnail { border-radius: 20px 20px 20px 20px; }#pt-cv-view-fysa6n9v .pt-cv-thumbnail {  }#pt-cv-view-fysa6n9v .pt-cv-title a { display: block;color: #003c56; }#pt-cv-view-fysa6n9v .pt-cv-title:not(.pt-cv-titlesm) a { font-weight: 600;text-decoration: none;font-size: 15px; }#pt-cv-view-fysa6n9v .pt-cv-titlesm a { font-weight: 600;font-size: 18px; }#pt-cv-view-fysa6n9v .pt-cv-content { font-size: 14px; }#pt-cv-view-fysa6n9v .pt-cv-rmwrap {  }#pt-cv-view-fysa6n9v .pt-cv-readmore { color: #4f5a61;background-color: #edf0f2;font-size: 14px;border-radius: 10px 10px 10px 10px; }#pt-cv-view-fysa6n9v .pt-cv-taxoterm {  }#pt-cv-view-fysa6n9v .pt-cv-taxoterm * { color: #222;background-color: #fff6f6;font-size: 14px; }#pt-cv-view-fysa6n9v + .pt-cv-pagination-wrapper {  }#pt-cv-view-fysa6n9v + .pt-cv-pagination-wrapper a { font-size: 14px; }#pt-cv-view-fysa6n9v > .pt-cv-page {grid-template-columns: repeat(5, 1fr);grid-gap: 20px;}#pt-cv-view-fysa6n9v .pt-cv-title a:hover { color: #bf311f; }#pt-cv-view-fysa6n9v .pt-cv-title:not(.pt-cv-titlesm) a:hover {  }#pt-cv-view-fysa6n9v .pt-cv-rmwrap:hover {  }#pt-cv-view-fysa6n9v .pt-cv-readmore:hover { color: #ffffff;background-color: #bf311f; }\n@media all and (max-width: 1024px) { \n#pt-cv-view-fysa6n9v > .pt-cv-page {grid-template-columns: repeat(3, 1fr);grid-gap: 15px;}\n} \n@media all and (max-width: 767px) { \n#pt-cv-view-fysa6n9v > .pt-cv-page {grid-template-columns: repeat(1, 1fr);grid-gap: 10px;}\n} <\/style><\/aside><div class=\"cl\"><\/div>\n<\/div>\n<\/div><\/div>\n<\/div>\n<\/div>\n<\/div>\n<\/div>\n<\/div>\n\n","protected":false},"excerpt":{"rendered":"<p>St\u00e1le v nemocnici, ale jako doma v lo\u017enici. Tak si mohou p\u0159ipadat rodi\u010de v nov\u011b upraven\u00e9m rodinn\u00e9m pokoji na odd\u011blen\u00ed \u0161estined\u011bl\u00ed. Nemocni\u010dn\u00ed l\u016f\u017eko nahradila man\u017eelsk\u00e1 postel, kde je dostatek m\u00edsta nejen pro maminku, ale i pro tat\u00ednka. Porodnice nab\u00eddla mamink\u00e1m u\u017e druh\u00fd takov\u00fd pokoj. Po\u0159\u00edzen\u00ed bylo mo\u017en\u00e9 d\u00edky d\u00e1rc\u016fm.<\/p>","protected":false},"author":7,"featured_media":33743,"comment_status":"closed","ping_status":"closed","sticky":false,"template":"","format":"standard","meta":{"pgc_sgb_lightbox_settings":"","footnotes":"","_links_to":"","_links_to_target":""},"categories":[49],"tags":[],"class_list":["post-33742","post","type-post","status-publish","format-standard","has-post-thumbnail","hentry","category-aktuality"],"publishpress_future_action":{"enabled":false,"date":"2026-05-08 17:33:53","action":"change-status","newStatus":"trash","terms":[],"taxonomy":"category","extraData":[]},"publishpress_future_workflow_manual_trigger":{"enabledWorkflows":[]},"_links":{"self":[{"href":"https:\/\/www.nemji.cz\/en\/wp-json\/wp\/v2\/posts\/33742","targetHints":{"allow":["GET"]}}],"collection":[{"href":"https:\/\/www.nemji.cz\/en\/wp-json\/wp\/v2\/posts"}],"about":[{"href":"https:\/\/www.nemji.cz\/en\/wp-json\/wp\/v2\/types\/post"}],"author":[{"embeddable":true,"href":"https:\/\/www.nemji.cz\/en\/wp-json\/wp\/v2\/users\/7"}],"replies":[{"embeddable":true,"href":"https:\/\/www.nemji.cz\/en\/wp-json\/wp\/v2\/comments?post=33742"}],"version-history":[{"count":0,"href":"https:\/\/www.nemji.cz\/en\/wp-json\/wp\/v2\/posts\/33742\/revisions"}],"wp:featuredmedia":[{"embeddable":true,"href":"https:\/\/www.nemji.cz\/en\/wp-json\/wp\/v2\/media\/33743"}],"wp:attachment":[{"href":"https:\/\/www.nemji.cz\/en\/wp-json\/wp\/v2\/media?parent=33742"}],"wp:term":[{"taxonomy":"category","embeddable":true,"href":"https:\/\/www.nemji.cz\/en\/wp-json\/wp\/v2\/categories?post=33742"},{"taxonomy":"post_tag","embeddable":true,"href":"https:\/\/www.nemji.cz\/en\/wp-json\/wp\/v2\/tags?post=33742"}],"curies":[{"name":"wp","href":"https:\/\/api.w.org\/{rel}","templated":true}]}}