{"id":34327,"date":"2025-10-20T14:17:43","date_gmt":"2025-10-20T12:17:43","guid":{"rendered":"https:\/\/webnemji.azurewebsites.net\/?p=34327"},"modified":"2025-10-20T14:36:21","modified_gmt":"2025-10-20T12:36:21","slug":"nove-vybaveni-usnadni-peci-o-imobilni-pacienty","status":"publish","type":"post","link":"https:\/\/www.nemji.cz\/en\/nove-vybaveni-usnadni-peci-o-imobilni-pacienty\/","title":{"rendered":"Nov\u00e9 vybaven\u00ed usnadn\u00ed p\u00e9\u010di o imobiln\u00ed pacienty"},"content":{"rendered":"<div id=\"cmsmasters_row_\" class=\"cmsmasters_row cmsmasters_color_scheme_default cmsmasters_row_top_default cmsmasters_row_bot_default cmsmasters_row_boxed\">\n<div class=\"cmsmasters_row_outer_parent\">\n<div class=\"cmsmasters_row_outer\">\n<div class=\"cmsmasters_row_inner\">\n<div class=\"cmsmasters_row_margin\">\n<div id=\"cmsmasters_column_\" class=\"cmsmasters_column one_first\">\n<div class=\"cmsmasters_column_inner\"><div class=\"cmsmasters_text\">\n<p style=\"text-align: left;\"><nav aria-label=\"breadcrumbs\">\n            <div class=\"breadcrumb-container theme1\">\n                <ol>\n                                    <\/ol>\n            <\/div>\n        <\/nav>    <script type=\"application\/ld+json\">\n        {\n            \"@context\": \"http:\/\/schema.org\",\n            \"@type\": \"BreadcrumbList\",\n            \"itemListElement\": [\n                            ]\n        }\n    <\/script>\n   \n    <script>\n            <\/script>\n<\/p>\n<\/div>\n<div id=\"cmsmasters_divider_1sk6yyldai\" class=\"cmsmasters_divider cmsmasters_divider_width_short cmsmasters_divider_pos_center\"><\/div>\n<div class=\"cmsmasters_text news-content-anot\">\n<p>Nemocnice Jihlava nov\u011b vybavila intern\u00ed odd\u011blen\u00ed dv\u011bma modern\u00edmi sprchovac\u00edmi l\u016f\u017eky, kter\u00e1 umo\u017e\u0148uj\u00ed d\u016fstojn\u00e9 a bezpe\u010dn\u00e9 sprchov\u00e1n\u00ed imobiln\u00edch pacient\u016f. Nov\u00e1 za\u0159\u00edzen\u00ed v\u00fdrazn\u011b usnadn\u00ed pr\u00e1ci zdravotnick\u00e9mu person\u00e1lu a zv\u00fd\u0161\u00ed komfort pacient\u016f. L\u016f\u017eka se po\u0159\u00eddila d\u00edky sponzorovi.<\/p>\n<\/div>\n<div class=\"cmsmasters_text news-content\">\n<p>\u201eSprchovac\u00ed l\u016f\u017eka jsou pro n\u00e1s velkou pomoc\u00ed. Umo\u017e\u0148uj\u00ed n\u00e1m zajistit plnohodnotnou hygienu i u pacient\u016f, kte\u0159\u00ed se nemohou sami pohybovat. Z\u00e1rove\u0148 t\u00edm \u0161et\u0159\u00edme s\u00edly o\u0161et\u0159uj\u00edc\u00edho person\u00e1lu a zvy\u0161ujeme komfort i bezpe\u010d\u00ed pro na\u0161e pacienty,\u201c uvedl prim\u00e1\u0159 intern\u00edho odd\u011blen\u00ed MUDr. Jaroslav To\u010d\u00edk.<\/p>\n<p>Po\u0159\u00edzen\u00ed l\u016f\u017eek bylo mo\u017en\u00e9 d\u00edky <strong>finan\u010dn\u00edmu daru spole\u010dnosti Bosch Powertrain s.r.o<\/strong>, kter\u00e1 nemocnici dlouhodob\u011b podporuje. L\u016f\u017eka vy\u0161la na 246 900 korun bez DPH.<\/p>\n<p>\u201e<em>Velmi si v\u00e1\u017e\u00edme spolupr\u00e1ce s firmou Bosch a jej\u00edho vst\u0159\u00edcn\u00e9ho p\u0159\u00edstupu. D\u00edky tomuto daru m\u016f\u017eeme poskytovat p\u00e9\u010di na je\u0161t\u011b vy\u0161\u0161\u00ed \u00farovni<\/em>,\u201c doplnil MUDr. Jaroslav To\u010d\u00edk.<\/p>\n<p>&nbsp;<\/p>\n<p><a href=\"\/wp-content\/uploads\/2025\/10\/Sprchovaci-luzka-scaled.jpeg\"><img loading=\"lazy\" decoding=\"async\" class=\"aligncenter wp-image-34326\" src=\"\/wp-content\/uploads\/2025\/10\/Sprchovaci-luzka-scaled.jpeg\" alt=\"sprchovac\u00ed l\u016f\u017eko\" width=\"300\" height=\"400\" srcset=\"\/wp-content\/uploads\/2025\/10\/Sprchovaci-luzka-scaled.jpeg 1920w, \/wp-content\/uploads\/2025\/10\/Sprchovaci-luzka-225x300.jpeg 225w, \/wp-content\/uploads\/2025\/10\/Sprchovaci-luzka-768x1024.jpeg 768w, \/wp-content\/uploads\/2025\/10\/Sprchovaci-luzka-1152x1536.jpeg 1152w, \/wp-content\/uploads\/2025\/10\/Sprchovaci-luzka-1536x2048.jpeg 1536w, \/wp-content\/uploads\/2025\/10\/Sprchovaci-luzka-9x12.jpeg 9w, \/wp-content\/uploads\/2025\/10\/Sprchovaci-luzka-580x773.jpeg 580w, \/wp-content\/uploads\/2025\/10\/Sprchovaci-luzka-860x1147.jpeg 860w, \/wp-content\/uploads\/2025\/10\/Sprchovaci-luzka-1160x1547.jpeg 1160w\" sizes=\"auto, (max-width: 300px) 100vw, 300px\" \/><\/a><\/p>\n<p>&nbsp;<\/p>\n<p><b>Nemocnice Jihlava\u00a0<\/b><b>|<\/b><b>\u00a0<\/b><span class=\"fontColorThemePrimary\" style=\"color: #bf311f;\"><b>Va\u0161e nemocnice<br \/>\n<\/b><\/span><\/p>\n<p><span class=\"fontColorThemePrimary\" style=\"color: #bf311f;\"><b><br \/>\n<\/b><\/span><img loading=\"lazy\" decoding=\"async\" class=\"size-full wp-image-32990 alignleft\" src=\"\/wp-content\/uploads\/2025\/04\/logo_kraj.png\" alt=\"Logo kraj vyso\u010dina\" width=\"201\" height=\"87\" srcset=\"\/wp-content\/uploads\/2025\/04\/logo_kraj.png 201w, \/wp-content\/uploads\/2025\/04\/logo_kraj-18x8.png 18w\" sizes=\"auto, (max-width: 201px) 100vw, 201px\" \/><\/p>\n<\/div>\n<div class=\"cmsmasters_text\">\n<p>&nbsp;<\/p>\n<\/div>\n<div class=\"cmsmasters_text\">\n<p>&nbsp;<\/p>\n<\/div>\n<div id=\"cmsmasters_divider_s8rl0slo4r\" class=\"cmsmasters_divider cmsmasters_divider_width_long cmsmasters_divider_pos_center\"><\/div>\n<div id=\"cmsmasters_button_m9j7eykyp\" class=\"button_wrap\"><a href=\"\/aktuality\/\" class=\"cmsmasters_button all-news-btn\"><span>V\u0161echny aktuality\u00a0\u00a0\u271a<\/span><\/a><\/div>\n<div class=\"cmsmasters_sidebar sidebar_layout_11 post-custom-sidebar\"><aside id=\"block-12\" class=\"widget widget_block\"><div class='pt-cv-wrapper'> <h3 class='pt-cv-heading-container heading1' data-blockid='fysa6n9v'><span class='pt-cv-heading'> Posledn\u00ed aktuality <\/span><\/h3><div class=\"pt-cv-view pt-cv-blockgrid iscvblock iscvreal grid1 layout1\" id=\"pt-cv-view-fysa6n9v\"><div data-id=\"pt-cv-page-1\" class=\"pt-cv-page\" data-cvc=\"5\"><div class=\" pt-cv-content-item pt-cv-1-col\" ><div class=\"pt-cv-thumb-wrapper  \"><a href=\"https:\/\/www.nemji.cz\/en\/cely-den-plny-inspirace-sdileni-zkusenosti-a-novych-poznatku\/\" class=\"_self pt-cv-href-thumbnail pt-cv-thumb-default\" target=\"_self\" ><img loading=\"lazy\" decoding=\"async\" width=\"580\" height=\"400\" src=\"\/wp-content\/uploads\/2026\/04\/cab14d43-68bd-4032-a667-c06927ca2631-580x400.jpg\" class=\"pt-cv-thumbnail\" alt=\"konference\" \/><\/a><\/div>\n<h5 class=\"pt-cv-title\"><a href=\"https:\/\/www.nemji.cz\/en\/cely-den-plny-inspirace-sdileni-zkusenosti-a-novych-poznatku\/\" class=\"_self\" target=\"_self\" >Cel\u00fd den pln\u00fd inspirace, sd\u00edlen\u00ed zku\u0161enost\u00ed a nov\u00fdch poznatk\u016f.<\/a><\/h5>\n<div class=\"pt-cv-content\">Konference \u201eSou\u010dasn\u00e9 trendy v o\u0161et\u0159ovatelstv\u00ed v Nemocnici Jihlava V. \u2026aneb ...<\/div>\n<div class=\"pt-cv-rmwrap\"><a href=\"https:\/\/www.nemji.cz\/en\/cely-den-plny-inspirace-sdileni-zkusenosti-a-novych-poznatku\/\" class=\"_self pt-cv-readmore btn btn-success\" target=\"_self\" >P\u0159e\u010d\u00edst\u00a0\u00a0\u271a<\/a><\/div><\/div>\n<div class=\" pt-cv-content-item pt-cv-1-col\" ><div class=\"pt-cv-thumb-wrapper  \"><a href=\"https:\/\/www.nemji.cz\/en\/zdravotnici-jako-filmari-v-jihlave-vznikl-unikatni-film-ze-zakulisi-infekcniho-oddeleni\/\" class=\"_self pt-cv-href-thumbnail pt-cv-thumb-default\" target=\"_self\" ><img loading=\"lazy\" decoding=\"async\" width=\"580\" height=\"400\" src=\"\/wp-content\/uploads\/2026\/04\/Premiera-24-hodin-580x400.jpg\" class=\"pt-cv-thumbnail\" alt=\"premi\u00e9ra 24h\" \/><\/a><\/div>\n<h5 class=\"pt-cv-title\"><a href=\"https:\/\/www.nemji.cz\/en\/zdravotnici-jako-filmari-v-jihlave-vznikl-unikatni-film-ze-zakulisi-infekcniho-oddeleni\/\" class=\"_self\" target=\"_self\" >Zdravotn\u00edci jako filma\u0159i: v Jihlav\u011b vznikl unik\u00e1tn\u00ed film ze z\u00e1kulis\u00ed infek\u010dn\u00edho odd\u011blen\u00ed<\/a><\/h5>\n<div class=\"pt-cv-content\">Infek\u010dn\u00ed odd\u011blen\u00ed Nemocnice Jihlava p\u0159i\u0161lo s netradi\u010dn\u00edm n\u00e1padem ...<\/div>\n<div class=\"pt-cv-rmwrap\"><a href=\"https:\/\/www.nemji.cz\/en\/zdravotnici-jako-filmari-v-jihlave-vznikl-unikatni-film-ze-zakulisi-infekcniho-oddeleni\/\" class=\"_self pt-cv-readmore btn btn-success\" target=\"_self\" >P\u0159e\u010d\u00edst\u00a0\u00a0\u271a<\/a><\/div><\/div>\n<div class=\" pt-cv-content-item pt-cv-1-col\" ><div class=\"pt-cv-thumb-wrapper  \"><a href=\"https:\/\/www.nemji.cz\/en\/pacienti-mluvi-do-chodu-nemocnice-pacientska-rada-v-nemocnici-jihlava-reportaz-tv-nova\/\" class=\"_self pt-cv-href-thumbnail pt-cv-thumb-default\" target=\"_self\" ><img loading=\"lazy\" decoding=\"async\" width=\"580\" height=\"400\" src=\"\/wp-content\/uploads\/2025\/12\/rada-580x400.jpg\" class=\"pt-cv-thumbnail\" alt=\"onkologick\u00e1 rada\" \/><\/a><\/div>\n<h5 class=\"pt-cv-title\"><a href=\"https:\/\/www.nemji.cz\/en\/pacienti-mluvi-do-chodu-nemocnice-pacientska-rada-v-nemocnici-jihlava-reportaz-tv-nova\/\" class=\"_self\" target=\"_self\" >Pacienti mluv\u00ed do chodu nemocnice. Pacientsk\u00e1 rada v Nemocnici Jihlava &#8211; report\u00e1\u017e TV Nova<\/a><\/h5>\n<div class=\"pt-cv-content\">Nemocnice Jihlava pokra\u010duje v rozvoji novinky, kter\u00e1 posiluje hlas onkologick\u00fdch ...<\/div>\n<div class=\"pt-cv-rmwrap\"><a href=\"https:\/\/www.nemji.cz\/en\/pacienti-mluvi-do-chodu-nemocnice-pacientska-rada-v-nemocnici-jihlava-reportaz-tv-nova\/\" class=\"_self pt-cv-readmore btn btn-success\" target=\"_self\" >P\u0159e\u010d\u00edst\u00a0\u00a0\u271a<\/a><\/div><\/div>\n<div class=\" pt-cv-content-item pt-cv-1-col\" ><div class=\"pt-cv-thumb-wrapper  \"><a href=\"https:\/\/www.nemji.cz\/en\/i-s-infuzi-na-trikolku-mali-pacienti-v-jihlave-maji-novou-radost\/\" class=\"_self pt-cv-href-thumbnail pt-cv-thumb-default\" target=\"_self\" ><img loading=\"lazy\" decoding=\"async\" width=\"580\" height=\"400\" src=\"\/wp-content\/uploads\/2026\/04\/trikolka_tit-580x400.jpg\" class=\"pt-cv-thumbnail\" alt=\"tr\u00edkolka\" \/><\/a><\/div>\n<h5 class=\"pt-cv-title\"><a href=\"https:\/\/www.nemji.cz\/en\/i-s-infuzi-na-trikolku-mali-pacienti-v-jihlave-maji-novou-radost\/\" class=\"_self\" target=\"_self\" >I s infuz\u00ed na t\u0159\u00edkolku: Mal\u00ed pacienti v Jihlav\u011b maj\u00ed novou radost<\/a><\/h5>\n<div class=\"pt-cv-content\">D\u011btsk\u00e9 odd\u011blen\u00ed nov\u011b zp\u0159\u00edjem\u0148uje pobyt mal\u00fdm pacient\u016fm origin\u00e1ln\u00edm pomocn\u00edkem ...<\/div>\n<div class=\"pt-cv-rmwrap\"><a href=\"https:\/\/www.nemji.cz\/en\/i-s-infuzi-na-trikolku-mali-pacienti-v-jihlave-maji-novou-radost\/\" class=\"_self pt-cv-readmore btn btn-success\" target=\"_self\" >P\u0159e\u010d\u00edst\u00a0\u00a0\u271a<\/a><\/div><\/div>\n<div class=\" pt-cv-content-item pt-cv-1-col\" ><div class=\"pt-cv-thumb-wrapper  \"><a href=\"https:\/\/www.nemji.cz\/en\/pacienti-mluvi-do-chodu-nemocnice-pacientska-rada-v-jihlave-se-sesla-uz-podruhe\/\" class=\"_self pt-cv-href-thumbnail pt-cv-thumb-default\" target=\"_self\" ><img loading=\"lazy\" decoding=\"async\" width=\"580\" height=\"400\" src=\"\/wp-content\/uploads\/2025\/12\/rada-580x400.jpg\" class=\"pt-cv-thumbnail\" alt=\"onkologick\u00e1 rada\" \/><\/a><\/div>\n<h5 class=\"pt-cv-title\"><a href=\"https:\/\/www.nemji.cz\/en\/pacienti-mluvi-do-chodu-nemocnice-pacientska-rada-v-jihlave-se-sesla-uz-podruhe\/\" class=\"_self\" target=\"_self\" >Pacienti mluv\u00ed do chodu nemocnice. Pacientsk\u00e1 rada v Jihlav\u011b se se\u0161la u\u017e podruh\u00e9<\/a><\/h5>\n<div class=\"pt-cv-content\">Nemocnice Jihlava pokra\u010duje v rozvoji novinky, kter\u00e1 posiluje hlas onkologick\u00fdch ...<\/div>\n<div class=\"pt-cv-rmwrap\"><a href=\"https:\/\/www.nemji.cz\/en\/pacienti-mluvi-do-chodu-nemocnice-pacientska-rada-v-jihlave-se-sesla-uz-podruhe\/\" class=\"_self pt-cv-readmore btn btn-success\" target=\"_self\" >P\u0159e\u010d\u00edst\u00a0\u00a0\u271a<\/a><\/div><\/div><\/div><\/div> <\/div> <style>\n\n#pt-cv-view-fysa6n9v .pt-cv-content-item { border-style: none;border-radius: 0px 0px 0px 0px; }#pt-cv-view-fysa6n9v .pt-cv-meta-fields {  }#pt-cv-view-fysa6n9v .pt-cv-meta-fields * { font-size: 13px; }.pt-cv-heading-container[data-blockid=\"fysa6n9v\"] {  }.pt-cv-heading-container[data-blockid=\"fysa6n9v\"] * { color: #003c56;font-weight: 600;font-size: 16px; }#pt-cv-view-fysa6n9v .pt-cv-thumb-wrapper {  }#pt-cv-view-fysa6n9v[class*=\"cveffect\"] .pt-cv-thumb-wrapper, #pt-cv-view-fysa6n9v:not([class*=\"cveffect\"]) .pt-cv-thumbnail { border-radius: 20px 20px 20px 20px; }#pt-cv-view-fysa6n9v .pt-cv-thumbnail {  }#pt-cv-view-fysa6n9v .pt-cv-title a { display: block;color: #003c56; }#pt-cv-view-fysa6n9v .pt-cv-title:not(.pt-cv-titlesm) a { font-weight: 600;text-decoration: none;font-size: 15px; }#pt-cv-view-fysa6n9v .pt-cv-titlesm a { font-weight: 600;font-size: 18px; }#pt-cv-view-fysa6n9v .pt-cv-content { font-size: 14px; }#pt-cv-view-fysa6n9v .pt-cv-rmwrap {  }#pt-cv-view-fysa6n9v .pt-cv-readmore { color: #4f5a61;background-color: #edf0f2;font-size: 14px;border-radius: 10px 10px 10px 10px; }#pt-cv-view-fysa6n9v .pt-cv-taxoterm {  }#pt-cv-view-fysa6n9v .pt-cv-taxoterm * { color: #222;background-color: #fff6f6;font-size: 14px; }#pt-cv-view-fysa6n9v + .pt-cv-pagination-wrapper {  }#pt-cv-view-fysa6n9v + .pt-cv-pagination-wrapper a { font-size: 14px; }#pt-cv-view-fysa6n9v > .pt-cv-page {grid-template-columns: repeat(5, 1fr);grid-gap: 20px;}#pt-cv-view-fysa6n9v .pt-cv-title a:hover { color: #bf311f; }#pt-cv-view-fysa6n9v .pt-cv-title:not(.pt-cv-titlesm) a:hover {  }#pt-cv-view-fysa6n9v .pt-cv-rmwrap:hover {  }#pt-cv-view-fysa6n9v .pt-cv-readmore:hover { color: #ffffff;background-color: #bf311f; }\n@media all and (max-width: 1024px) { \n#pt-cv-view-fysa6n9v > .pt-cv-page {grid-template-columns: repeat(3, 1fr);grid-gap: 15px;}\n} \n@media all and (max-width: 767px) { \n#pt-cv-view-fysa6n9v > .pt-cv-page {grid-template-columns: repeat(1, 1fr);grid-gap: 10px;}\n} <\/style><\/aside><div class=\"cl\"><\/div>\n<\/div>\n<\/div><\/div>\n<\/div>\n<\/div>\n<\/div>\n<\/div>\n<\/div>\n\n","protected":false},"excerpt":{"rendered":"<p>Nemocnice Jihlava nov\u011b vybavila intern\u00ed odd\u011blen\u00ed dv\u011bma modern\u00edmi sprchovac\u00edmi l\u016f\u017eky,<\/p>","protected":false},"author":5,"featured_media":34328,"comment_status":"closed","ping_status":"closed","sticky":false,"template":"","format":"standard","meta":{"pgc_sgb_lightbox_settings":"","footnotes":"","_links_to":"","_links_to_target":""},"categories":[49],"tags":[],"class_list":["post-34327","post","type-post","status-publish","format-standard","has-post-thumbnail","hentry","category-aktuality"],"publishpress_future_action":{"enabled":false,"date":"2026-05-03 12:47:08","action":"change-status","newStatus":"trash","terms":[],"taxonomy":"category","extraData":[]},"publishpress_future_workflow_manual_trigger":{"enabledWorkflows":[]},"_links":{"self":[{"href":"https:\/\/www.nemji.cz\/en\/wp-json\/wp\/v2\/posts\/34327","targetHints":{"allow":["GET"]}}],"collection":[{"href":"https:\/\/www.nemji.cz\/en\/wp-json\/wp\/v2\/posts"}],"about":[{"href":"https:\/\/www.nemji.cz\/en\/wp-json\/wp\/v2\/types\/post"}],"author":[{"embeddable":true,"href":"https:\/\/www.nemji.cz\/en\/wp-json\/wp\/v2\/users\/5"}],"replies":[{"embeddable":true,"href":"https:\/\/www.nemji.cz\/en\/wp-json\/wp\/v2\/comments?post=34327"}],"version-history":[{"count":0,"href":"https:\/\/www.nemji.cz\/en\/wp-json\/wp\/v2\/posts\/34327\/revisions"}],"wp:featuredmedia":[{"embeddable":true,"href":"https:\/\/www.nemji.cz\/en\/wp-json\/wp\/v2\/media\/34328"}],"wp:attachment":[{"href":"https:\/\/www.nemji.cz\/en\/wp-json\/wp\/v2\/media?parent=34327"}],"wp:term":[{"taxonomy":"category","embeddable":true,"href":"https:\/\/www.nemji.cz\/en\/wp-json\/wp\/v2\/categories?post=34327"},{"taxonomy":"post_tag","embeddable":true,"href":"https:\/\/www.nemji.cz\/en\/wp-json\/wp\/v2\/tags?post=34327"}],"curies":[{"name":"wp","href":"https:\/\/api.w.org\/{rel}","templated":true}]}}